{"id":140245,"date":"2025-04-24T10:11:17","date_gmt":"2025-04-24T15:11:17","guid":{"rendered":"https:\/\/elcuartopoder.com.mx\/nw\/?p=140245"},"modified":"2025-04-24T10:11:18","modified_gmt":"2025-04-24T15:11:18","slug":"anuncia-gobierno-nuevos-programas-de-apoyo-a-las-mujeres","status":"publish","type":"post","link":"http:\/\/elcuartopoder.com.mx\/nw\/politica\/anuncia-gobierno-nuevos-programas-de-apoyo-a-las-mujeres\/","title":{"rendered":"Anuncia Gobierno nuevos programas de apoyo a las mujeres"},"content":{"rendered":"\n<p>El gobierno federal anunci\u00f3 nuevos programas para apoyar a las mujeres en el pa\u00eds, entre ellos una red de voluntarias para \u201cprotegernos entre nosotras\u201d y un grupo de abogadas incorporadas a la secretar\u00eda del ramo para defender ante tribunales a quienes sean v\u00edctimas de violencias.<\/p>\n\n\n\n<p>As\u00ed lo dio a conocer en la ma\u00f1anera de este mi\u00e9rcoles la presidenta Claudia Sheinbaum Pardo, qui\u00e9n tambi\u00e9n destac\u00f3 que en su sexenio se construir\u00e1n al menos 200 Centros de Educaci\u00f3n y Cuidado Infantil (CECI), que sustituir\u00e1n el programa de guarder\u00edas del IMSS.<\/p>\n\n\n\n<p>Los programas son: la Red de Mujeres Tejedoras de la Patria, cuya convocatoria ya se lanz\u00f3, y se podr\u00e1n incorporar las mexicanas dentro y fuera del pa\u00eds que sean referente en sus comunidades.<\/p>\n\n\n\n<p>El objetivo \u201ces tener una red de voluntarias con grupos de mujeres que nos protejamos entre nosotras\u201d, indic\u00f3 la mandataria.<\/p>\n\n\n\n<p>Adem\u00e1s, a partir del 1 de mayo se lanzar\u00e1 la L\u00ednea 079, que atender\u00e1 a mujeres que viven violencias y brindar\u00e1 apoyo ante emergencias.<\/p>\n\n\n\n<p>Uno m\u00e1s de los nuevos programas es el de Abogadas de las Mujeres, que ser\u00e1 conformado, en principio, por m\u00e1s de 800 profesionales del derecho que se incorporar\u00e1n a la Secretar\u00eda de las Mujeres a fin de defender a quienes sean v\u00edctimas de violencia y otros delitos. La convocatoria para formar parte de ese equipo se emitir\u00e1 en breve.<\/p>\n\n\n\n<p>La titular de la Secretar\u00eda de las Mujeres, Citlalli Hern\u00e1ndez, explic\u00f3 adem\u00e1s que entre mayo y junio se realizar\u00e1n tambi\u00e9n asambleas populares en los 300 municipios del pa\u00eds con mayores \u00edndices de feminicidios y otros delitos de violencia contra la mujer.<\/p>\n\n\n\n<p>Esto a fin de que expongan sus necesidades y riesgos que puedan enfrentar.<\/p>\n\n\n\n<p>Otro programa ser\u00e1 la creaci\u00f3n de los Centros Libres para Mujeres \u2014con el apoyo de los gobiernos estatales\u2014 a fin de crear espacios en las entidades para la atenci\u00f3n al sector.<\/p>\n\n\n\n<p>Por su parte, la titular de la Secretar\u00eda del Bienestar, Ariadna Montiel, inform\u00f3 que hasta ahora como parte del nuevo programa Mujeres Bienestar \u2014que apoyar\u00e1 a las mujeres de 60 a 64 a\u00f1os de edad\u2014 se tiene hasta ahora un mill\u00f3n 107 mil 69 beneficiarias.<\/p>\n\n\n\n<p>Para este apoyo, que es de 3 mil pesos bimestrales, se ha invertido a marzo de este a\u00f1o 5 mil 566 millones de pesos.<\/p>\n\n\n\n<p>Actualmente se ha incorporado a mujeres de 63 y 64 a\u00f1os, y el objetivo, dijo la funcionaria, es que a finales de este a\u00f1o est\u00e9n todas las mujeres de 60, 61 y 62 a\u00f1os. Por lo que se espera sumar a 2 millones m\u00e1s.<\/p>\n\n\n\n<p>\u201cAl final del a\u00f1o se tendr\u00e1 3 millones de mujeres que reciben este apoyo y se convierte no s\u00f3lo en un reconocimiento a su trabajo y esfuerzo, sino a avanzar a tener una vejez con dignidad y autonom\u00eda econ\u00f3mica\u201d.<\/p>\n\n\n\n<p>Destac\u00f3 que como parte de todos los programas sociales operados por la administraci\u00f3n federal desde el sexenio pasado, ya suman 18 millones 673&nbsp;&nbsp;mil 101 mujeres que reciben al menos uno de estos programas, equivalente a 58.7 por ciento del padr\u00f3n de beneficiarios y derechohabientes.<\/p>\n\n\n\n<p>De su lado, Zo\u00e9 Robledo explic\u00f3 que el 30 de abril se pondr\u00e1 la primera piedra del primer CECI, en Ciudad Ju\u00e1rez, y este a\u00f1o se iniciar\u00e1 con cinco de esos espacios.<\/p>\n\n\n\n<p>El objetivo del gobierno de Sheinbaum es que a final de sexenio se tengan 200 CECIs.<\/p>\n","protected":false},"excerpt":{"rendered":"<p>El gobierno federal anunci\u00f3 nuevos programas para apoyar a las mujeres en el pa\u00eds, entre ellos una red de voluntarias para \u201cprotegernos entre nosotras\u201d y un grupo de abogadas incorporadas a la secretar\u00eda del ramo para defender ante tribunales a quienes sean v\u00edctimas de violencias. As\u00ed lo dio a conocer en la ma\u00f1anera de este [&hellip;]<\/p>\n","protected":false},"author":2,"featured_media":140246,"comment_status":"open","ping_status":"open","sticky":false,"template":"","format":"standard","meta":{"footnotes":""},"categories":[61],"tags":[],"class_list":["post-140245","post","type-post","status-publish","format-standard","has-post-thumbnail","hentry","category-politica"],"_links":{"self":[{"href":"http:\/\/elcuartopoder.com.mx\/nw\/wp-json\/wp\/v2\/posts\/140245","targetHints":{"allow":["GET"]}}],"collection":[{"href":"http:\/\/elcuartopoder.com.mx\/nw\/wp-json\/wp\/v2\/posts"}],"about":[{"href":"http:\/\/elcuartopoder.com.mx\/nw\/wp-json\/wp\/v2\/types\/post"}],"author":[{"embeddable":true,"href":"http:\/\/elcuartopoder.com.mx\/nw\/wp-json\/wp\/v2\/users\/2"}],"replies":[{"embeddable":true,"href":"http:\/\/elcuartopoder.com.mx\/nw\/wp-json\/wp\/v2\/comments?post=140245"}],"version-history":[{"count":1,"href":"http:\/\/elcuartopoder.com.mx\/nw\/wp-json\/wp\/v2\/posts\/140245\/revisions"}],"predecessor-version":[{"id":140247,"href":"http:\/\/elcuartopoder.com.mx\/nw\/wp-json\/wp\/v2\/posts\/140245\/revisions\/140247"}],"wp:featuredmedia":[{"embeddable":true,"href":"http:\/\/elcuartopoder.com.mx\/nw\/wp-json\/wp\/v2\/media\/140246"}],"wp:attachment":[{"href":"http:\/\/elcuartopoder.com.mx\/nw\/wp-json\/wp\/v2\/media?parent=140245"}],"wp:term":[{"taxonomy":"category","embeddable":true,"href":"http:\/\/elcuartopoder.com.mx\/nw\/wp-json\/wp\/v2\/categories?post=140245"},{"taxonomy":"post_tag","embeddable":true,"href":"http:\/\/elcuartopoder.com.mx\/nw\/wp-json\/wp\/v2\/tags?post=140245"}],"curies":[{"name":"wp","href":"https:\/\/api.w.org\/{rel}","templated":true}]}}