{"id":140256,"date":"2025-04-24T10:26:01","date_gmt":"2025-04-24T15:26:01","guid":{"rendered":"https:\/\/elcuartopoder.com.mx\/nw\/?p=140256"},"modified":"2025-04-24T10:26:03","modified_gmt":"2025-04-24T15:26:03","slug":"claves-para-entender-la-ley-del-cafe-aprobada-por-el-senado","status":"publish","type":"post","link":"http:\/\/elcuartopoder.com.mx\/nw\/varios\/claves-para-entender-la-ley-del-cafe-aprobada-por-el-senado\/","title":{"rendered":"Claves para entender la Ley del Caf\u00e9 aprobada por el Senado"},"content":{"rendered":"\n<p>El pasado 10 de abril de 2025, el&nbsp;<strong>Senado de la Rep\u00fablica<\/strong>&nbsp;aprob\u00f3 por unanimidad la nueva&nbsp;<strong>Ley de Desarrollo Sustentable de la Cafeticultura<\/strong>, un hecho calificado como \u00abhist\u00f3rico\u00bb por legisladores de todos los partidos. M\u00e1s all\u00e1 del tecnicismo legislativo, esta norma representa un cambio de fondo en c\u00f3mo se entiende, organiza y protege la&nbsp;<strong>producci\u00f3n de caf\u00e9<\/strong>&nbsp;en M\u00e9xico.<\/p>\n\n\n\n<h2 class=\"wp-block-heading\">\u00bfQu\u00e9 es la Ley de Desarrollo Sustentable de la Cafeticultura?<\/h2>\n\n\n\n<p>Es una nueva legislaci\u00f3n que sustituye a una ley&nbsp;<strong>obsoleta de 1972<\/strong>&nbsp;y establece por primera vez un marco legal integral y actualizado para fortalecer toda la cadena de<strong>&nbsp;valor del caf\u00e9<\/strong>. Esto abarca desde la producci\u00f3n hasta la comercializaci\u00f3n, pasando por la capacitaci\u00f3n, investigaci\u00f3n, calidad, financiamiento,&nbsp;<strong>comercio justo y sostenibilidad ambiental.<\/strong><\/p>\n\n\n\n<p>Impulsada por los senadores&nbsp;<strong>Susana Harp Iturribarria<\/strong>&nbsp;y&nbsp;<strong>Manuel Huerta Ladr\u00f3n de Guevara<\/strong>, esta ley nace del trabajo conjunto entre las Comisiones de Agricultura y Estudios Legislativos, Primera. Fue aprobada con 86 votos a favor, cero en contra y sin abstenciones, lo que demuestra el&nbsp;<strong>consenso nacional<\/strong>&nbsp;sobre su relevancia.<\/p>\n\n\n\n<h2 class=\"wp-block-heading\">\u00bfPor qu\u00e9 era urgente esta ley?<\/h2>\n\n\n\n<p>Desde la desaparici\u00f3n del<strong>&nbsp;Instituto Mexicano del Caf\u00e9 (Inmecaf\u00e9)<\/strong>&nbsp;en 1993, no exist\u00eda una instancia coordinadora ni una pol\u00edtica p\u00fablica clara que articulara el desarrollo cafetalero. Esto dej\u00f3 a m\u00e1s de&nbsp;<strong>500,000 productores<\/strong>&nbsp;\u2014muchos en pobreza\u2014 sin respaldo t\u00e9cnico ni econ\u00f3mico, expuestos a la volatilidad del mercado y a pr\u00e1cticas abusivas de intermediarios.<\/p>\n\n\n\n<figure class=\"wp-block-image\"><img decoding=\"async\" src=\"https:\/\/imagenes.eleconomista.com.mx\/files\/image_532_299\/uploads\/2025\/04\/21\/6806bac1738cd.jpeg\" alt=\"Caf\u00e9\"\/><figcaption class=\"wp-element-caption\">Caf\u00e9Pexels<\/figcaption><\/figure>\n\n\n\n<p>Al mismo tiempo, el caf\u00e9 mexicano compite con gigantes como&nbsp;<strong>Brasil, Vietnam y Colombia<\/strong>, sin contar con los apoyos m\u00ednimos para posicionar su alta calidad en el mercado internacional. El resultado: M\u00e9xico es el&nbsp;<strong>productor 11<\/strong>&nbsp;del mundo, pero el caf\u00e9 nacional no refleja su verdadero valor en los bolsillos de quienes lo cultivan.<\/p>\n\n\n\n<h2 class=\"wp-block-heading\">\u00bfA qui\u00e9n beneficia esta ley?<\/h2>\n\n\n\n<ul class=\"wp-block-list\">\n<li><strong>\u00a0A los productores:<\/strong><\/li>\n<\/ul>\n\n\n\n<p>Se crean mecanismos para obtener precios de referencia, basados en estudios del mercado, que ayuden a los cafeticultores a negociar con m\u00e1s poder frente a acopiadores y evitar los abusos del llamado \u00abcoyoteo\u00bb.<\/p>\n\n\n\n<p>Se impulsa el acceso a capacitaci\u00f3n t\u00e9cnica, investigaci\u00f3n e innovaci\u00f3n tecnol\u00f3gica.<\/p>\n\n\n\n<p>Se reconoce al caf\u00e9 como un producto estrat\u00e9gico, lo cual facilita la canalizaci\u00f3n de recursos p\u00fablicos al sector.<\/p>\n\n\n\n<ul class=\"wp-block-list\">\n<li><strong>\u00a0A las comunidades rurales e ind\u00edgenas:<\/strong><\/li>\n<\/ul>\n\n\n\n<p>M\u00e1s del 70% de los cafeticultores son ind\u00edgenas o afromexicanos, muchos de ellos mujeres.<\/p>\n\n\n\n<p>La ley busca fortalecer su rol econ\u00f3mico y social, mediante el impulso a modelos de producci\u00f3n bajo sombra, que preservan bosques, biodiversidad y cultura.<\/p>\n\n\n\n<ul class=\"wp-block-list\">\n<li><strong>\u00a0Al consumidor:<\/strong><\/li>\n<\/ul>\n\n\n\n<p>Establece principios de trazabilidad, es decir, conocer el origen y las condiciones del caf\u00e9 que se consume.<\/p>\n\n\n\n<p>Incentiva pr\u00e1cticas de comercio justo y sustentabilidad, lo que significa mejor calidad, transparencia y \u00e9tica en el producto final.<\/p>\n\n\n\n<ul class=\"wp-block-list\">\n<li><strong>\u00a0Al pa\u00eds:<\/strong><\/li>\n<\/ul>\n\n\n\n<p>Refuerza la soberan\u00eda alimentaria, al tratar al&nbsp;<strong>caf\u00e9&nbsp;<\/strong>como un bien estrat\u00e9gico.<\/p>\n\n\n\n<p>Permite enfrentar con mayor preparaci\u00f3n los efectos del&nbsp;<strong>cambio clim\u00e1tico<\/strong>, al establecer un cap\u00edtulo espec\u00edfico sobre resiliencia clim\u00e1tica y financiamiento verde.<\/p>\n\n\n\n<figure class=\"wp-block-image\"><img decoding=\"async\" src=\"https:\/\/imagenes.eleconomista.com.mx\/files\/image_768_768\/uploads\/2025\/04\/21\/6806bae148a50.jpeg\" alt=\"Caf\u00e9\"\/><figcaption class=\"wp-element-caption\">Caf\u00e9Pexels<\/figcaption><\/figure>\n\n\n\n<h2 class=\"wp-block-heading\">\u00bfQu\u00e9 herramientas crea la ley?<\/h2>\n\n\n\n<ul class=\"wp-block-list\">\n<li>Comisi\u00f3n Nacional para el Desarrollo de la Cafeticultura Mexicana: espacio donde productores, gobierno e industria dise\u00f1ar\u00e1n pol\u00edticas p\u00fablicas.<\/li>\n\n\n\n<li>Sistema Nacional de Informaci\u00f3n Cafetalera: una base de datos que permitir\u00e1 decisiones informadas y seguimiento de precios.<\/li>\n\n\n\n<li>Programas de capacitaci\u00f3n, certificaci\u00f3n y financiamiento clim\u00e1tico para productores.<\/li>\n\n\n\n<li>Certificaciones y reconocimiento oficial al cultivo bajo sombra, como forma de producci\u00f3n ambientalmente responsable.<\/li>\n<\/ul>\n\n\n\n<h2 class=\"wp-block-heading\">\u00bfQu\u00e9 no hace esta ley?<\/h2>\n\n\n\n<ul class=\"wp-block-list\">\n<li>No impone precios fijos ni colusi\u00f3n de productores.<\/li>\n\n\n\n<li>No invade competencias federales ni contradice tratados internacionales.<\/li>\n\n\n\n<li>No limita la competencia; al contrario, busca nivelar el terreno para los peque\u00f1os productores.<\/li>\n<\/ul>\n\n\n\n<h2 class=\"wp-block-heading\">\u00bfPor qu\u00e9 importa para la gente?<\/h2>\n\n\n\n<p>Porque cada&nbsp;<strong>taza de caf\u00e9<\/strong>&nbsp;que se sirve en casa o en una cafeter\u00eda oculta una historia de esfuerzo, inequidad y falta de reconocimiento. Esta&nbsp;<strong>ley no solo reordena el sector<\/strong>: rescata la dignidad del campo mexicano y brinda herramientas reales para que las&nbsp;<strong>familias productoras<\/strong>&nbsp;vivan mejor, produzcan con sustentabilidad y reciban un&nbsp;<strong>precio justo.<\/strong><\/p>\n\n\n\n<h2 class=\"wp-block-heading\">\u00bfQu\u00e9 sigue?<\/h2>\n\n\n\n<p>El dictamen fue turnado a la&nbsp;<strong>C\u00e1mara de Diputados<\/strong>, donde deber\u00e1 ser discutido y aprobado para convertirse en&nbsp;<strong>ley vigente<\/strong>. De hacerlo, M\u00e9xico no solo tendr\u00eda una ley moderna y justa, sino una nueva forma de&nbsp;<strong>mirar al caf\u00e9.<\/strong><\/p>\n","protected":false},"excerpt":{"rendered":"<p>El pasado 10 de abril de 2025, el&nbsp;Senado de la Rep\u00fablica&nbsp;aprob\u00f3 por unanimidad la nueva&nbsp;Ley de Desarrollo Sustentable de la Cafeticultura, un hecho calificado como \u00abhist\u00f3rico\u00bb por legisladores de todos los partidos. M\u00e1s all\u00e1 del tecnicismo legislativo, esta norma representa un cambio de fondo en c\u00f3mo se entiende, organiza y protege la&nbsp;producci\u00f3n de caf\u00e9&nbsp;en M\u00e9xico. [&hellip;]<\/p>\n","protected":false},"author":2,"featured_media":140257,"comment_status":"open","ping_status":"open","sticky":false,"template":"","format":"standard","meta":{"footnotes":""},"categories":[64],"tags":[],"class_list":["post-140256","post","type-post","status-publish","format-standard","has-post-thumbnail","hentry","category-varios"],"_links":{"self":[{"href":"http:\/\/elcuartopoder.com.mx\/nw\/wp-json\/wp\/v2\/posts\/140256","targetHints":{"allow":["GET"]}}],"collection":[{"href":"http:\/\/elcuartopoder.com.mx\/nw\/wp-json\/wp\/v2\/posts"}],"about":[{"href":"http:\/\/elcuartopoder.com.mx\/nw\/wp-json\/wp\/v2\/types\/post"}],"author":[{"embeddable":true,"href":"http:\/\/elcuartopoder.com.mx\/nw\/wp-json\/wp\/v2\/users\/2"}],"replies":[{"embeddable":true,"href":"http:\/\/elcuartopoder.com.mx\/nw\/wp-json\/wp\/v2\/comments?post=140256"}],"version-history":[{"count":1,"href":"http:\/\/elcuartopoder.com.mx\/nw\/wp-json\/wp\/v2\/posts\/140256\/revisions"}],"predecessor-version":[{"id":140258,"href":"http:\/\/elcuartopoder.com.mx\/nw\/wp-json\/wp\/v2\/posts\/140256\/revisions\/140258"}],"wp:featuredmedia":[{"embeddable":true,"href":"http:\/\/elcuartopoder.com.mx\/nw\/wp-json\/wp\/v2\/media\/140257"}],"wp:attachment":[{"href":"http:\/\/elcuartopoder.com.mx\/nw\/wp-json\/wp\/v2\/media?parent=140256"}],"wp:term":[{"taxonomy":"category","embeddable":true,"href":"http:\/\/elcuartopoder.com.mx\/nw\/wp-json\/wp\/v2\/categories?post=140256"},{"taxonomy":"post_tag","embeddable":true,"href":"http:\/\/elcuartopoder.com.mx\/nw\/wp-json\/wp\/v2\/tags?post=140256"}],"curies":[{"name":"wp","href":"https:\/\/api.w.org\/{rel}","templated":true}]}}