{"id":140268,"date":"2025-04-24T16:48:06","date_gmt":"2025-04-24T21:48:06","guid":{"rendered":"https:\/\/elcuartopoder.com.mx\/nw\/?p=140268"},"modified":"2025-04-24T16:48:08","modified_gmt":"2025-04-24T21:48:08","slug":"una-toxina-posible-causa-de-la-epidemia-de-cancer-colorrectal-en-jovenes","status":"publish","type":"post","link":"http:\/\/elcuartopoder.com.mx\/nw\/entretenimiento\/salud\/una-toxina-posible-causa-de-la-epidemia-de-cancer-colorrectal-en-jovenes\/","title":{"rendered":"Una toxina, posible causa de la epidemia de c\u00e1ncer colorrectal en j\u00f3venes"},"content":{"rendered":"\n<p>Una investigaci\u00f3n cuyo objetivo inicial era examinar los patrones mundiales de c\u00e1ncer colorrectal para entender por qu\u00e9 algunos pa\u00edses tienen tasas mucho m\u00e1s altas que otros ha identificado una posible clave gen\u00e9tica para entender el preocupante aumento de c\u00e1ncer colorrectal en personas menores de 50&nbsp;&#8230;<\/p>\n","protected":false},"excerpt":{"rendered":"<p>Una investigaci\u00f3n cuyo objetivo inicial era examinar los patrones mundiales de c\u00e1ncer colorrectal para entender por qu\u00e9 algunos pa\u00edses tienen tasas mucho m\u00e1s altas que otros ha identificado una posible clave gen\u00e9tica para entender el preocupante aumento de c\u00e1ncer colorrectal en personas menores de 50&nbsp;&#8230;<\/p>\n","protected":false},"author":2,"featured_media":140269,"comment_status":"open","ping_status":"open","sticky":false,"template":"","format":"standard","meta":{"footnotes":""},"categories":[56],"tags":[],"class_list":["post-140268","post","type-post","status-publish","format-standard","has-post-thumbnail","hentry","category-salud"],"_links":{"self":[{"href":"http:\/\/elcuartopoder.com.mx\/nw\/wp-json\/wp\/v2\/posts\/140268","targetHints":{"allow":["GET"]}}],"collection":[{"href":"http:\/\/elcuartopoder.com.mx\/nw\/wp-json\/wp\/v2\/posts"}],"about":[{"href":"http:\/\/elcuartopoder.com.mx\/nw\/wp-json\/wp\/v2\/types\/post"}],"author":[{"embeddable":true,"href":"http:\/\/elcuartopoder.com.mx\/nw\/wp-json\/wp\/v2\/users\/2"}],"replies":[{"embeddable":true,"href":"http:\/\/elcuartopoder.com.mx\/nw\/wp-json\/wp\/v2\/comments?post=140268"}],"version-history":[{"count":1,"href":"http:\/\/elcuartopoder.com.mx\/nw\/wp-json\/wp\/v2\/posts\/140268\/revisions"}],"predecessor-version":[{"id":140270,"href":"http:\/\/elcuartopoder.com.mx\/nw\/wp-json\/wp\/v2\/posts\/140268\/revisions\/140270"}],"wp:featuredmedia":[{"embeddable":true,"href":"http:\/\/elcuartopoder.com.mx\/nw\/wp-json\/wp\/v2\/media\/140269"}],"wp:attachment":[{"href":"http:\/\/elcuartopoder.com.mx\/nw\/wp-json\/wp\/v2\/media?parent=140268"}],"wp:term":[{"taxonomy":"category","embeddable":true,"href":"http:\/\/elcuartopoder.com.mx\/nw\/wp-json\/wp\/v2\/categories?post=140268"},{"taxonomy":"post_tag","embeddable":true,"href":"http:\/\/elcuartopoder.com.mx\/nw\/wp-json\/wp\/v2\/tags?post=140268"}],"curies":[{"name":"wp","href":"https:\/\/api.w.org\/{rel}","templated":true}]}}