{"id":140271,"date":"2025-04-25T09:11:31","date_gmt":"2025-04-25T14:11:31","guid":{"rendered":"https:\/\/elcuartopoder.com.mx\/nw\/?p=140271"},"modified":"2025-04-25T09:11:33","modified_gmt":"2025-04-25T14:11:33","slug":"claudia-sheinbaum-pardo-realizara-gira-de-trabajo-este-viernes-en-la-zona-norte-de-quintana-roo","status":"publish","type":"post","link":"http:\/\/elcuartopoder.com.mx\/nw\/estatales\/claudia-sheinbaum-pardo-realizara-gira-de-trabajo-este-viernes-en-la-zona-norte-de-quintana-roo\/","title":{"rendered":"Claudia Sheinbaum Pardo, realizar\u00e1 gira de trabajo este viernes en la Zona Norte de Quintana Roo"},"content":{"rendered":"\n<p>Supervisar\u00e1 obras y anunciar\u00e1 nuevos beneficios para la poblaci\u00f3n, seg\u00fan informaci\u00f3n extraoficial.<\/p>\n\n\n\n<p>En la presente semana la jefa del Ejecutivo Federal sostiene visitas por diversas entidades. Este jueves estar\u00e1 en Veracruz, donde encabezar\u00e1 actividades en \u00c1lamo Temapache y Papantla; as\u00ed como en Huachinango, Puebla.<\/p>\n\n\n\n<p>Este viernes estar\u00e1 en Quintana Roo, por segunda ocasi\u00f3n en lo que va del presente a\u00f1o.<\/p>\n\n\n\n<p>El 10 de febrero pasado, la Presidenta de M\u00e9xico encabez\u00f3 el Aniversario CX de la fuerza A\u00e9rea Mexicana (FAM) e inaugur\u00f3 la Base Aeronaval 20, establecida en el Aeropuerto Internacional de Tulum \u201cFelipe Carrillo Puerto\u201d.<\/p>\n\n\n\n<p>Ma\u00f1ana Sheinbaum Pardo visitar\u00e1 Canc\u00fan para sostener actos.<\/p>\n\n\n\n<p>Primeramente, recibir\u00e1 informe respecto a las obras del Puente del Sistema Lagunar Nichupt\u00e9.<\/p>\n\n\n\n<p>Hasta finalizar marzo present\u00f3 avances de 74 por ciento. Consiste en la construcci\u00f3n de 8.8 kil\u00f3metros que unir\u00e1n al Boulevard Luis Donaldo Colosio con el Kukulk\u00e1n, en el kil\u00f3metro 12.7 de la Zona Hotelera.<\/p>\n\n\n\n<p>As\u00ed se pretende despresurizar el tr\u00e1fico constante en esta zona y dada su fragilidad, preservar los ecosistemas, seg\u00fan el Plan Estrat\u00e9gico de Desarrollo Sustentable Canc\u00fan 2030.<\/p>\n\n\n\n<p>La inversi\u00f3n actual asciende a siete mil 847 millones de pesos, 40 por ciento m\u00e1s de la proyectada al inicio.<\/p>\n\n\n\n<p>El principal acto es el banderazo de inicio del Programa de Vivienda del Bienestar.<\/p>\n\n\n\n<p>Se realizar\u00e1 a las 17:00 horas en la calle Lago Lacar, entre Boulevard Lago Victoria y Avenida Real Valencia, del Fraccionamiento Para\u00edso Maya 5\u00b0 Etapa.<\/p>\n\n\n\n<p>Con la reforma al Fondo de Vivienda del Instituto de Seguridad y Servicios Sociales de los Trabajadores del Estado (FOVISSSTE), ahora el Gobierno Federal cuenta con atribuciones para la construcci\u00f3n, rehabilitaci\u00f3n y hasta renta de casas, pues ejercer\u00e1 2.4 billones de pesos para tal fin.<\/p>\n\n\n\n<p>De ese modo familias de escasos recursos contar\u00e1n con un patrimonio a costos reducidos, ya sean mediante compra o renta por per\u00edodos de tiempo.<\/p>\n\n\n\n<p>En Quintana Roo se pretend\u00eda la construcci\u00f3n de 18 mil unidades habitacionales durante la gesti\u00f3n de la Presidenta de M\u00e9xico, sin embargo, la cifra aument\u00f3 a 36 mil.<\/p>\n\n\n\n<p>Asimismo, har\u00e1 nuevos anuncios para la poblaci\u00f3n, principalmente de escasos recursos.<\/p>\n\n\n\n<p>Posteriormente se trasladar\u00e1 hacia la Estaci\u00f3n Teya del Tren Maya, en M\u00e9rida, donde continuar\u00e1 con sus actividades al d\u00eda siguiente.<\/p>\n\n\n\n<p>La agenda est\u00e1 sujeta a posibles cambios, pues la jefa del Ejecutivo Federal sostendr\u00e1 m\u00e1s actividades en el Sureste de M\u00e9xico.<\/p>\n","protected":false},"excerpt":{"rendered":"<p>Supervisar\u00e1 obras y anunciar\u00e1 nuevos beneficios para la poblaci\u00f3n, seg\u00fan informaci\u00f3n extraoficial. En la presente semana la jefa del Ejecutivo Federal sostiene visitas por diversas entidades. Este jueves estar\u00e1 en Veracruz, donde encabezar\u00e1 actividades en \u00c1lamo Temapache y Papantla; as\u00ed como en Huachinango, Puebla. Este viernes estar\u00e1 en Quintana Roo, por segunda ocasi\u00f3n en lo [&hellip;]<\/p>\n","protected":false},"author":2,"featured_media":140272,"comment_status":"open","ping_status":"open","sticky":false,"template":"","format":"standard","meta":{"footnotes":""},"categories":[60],"tags":[],"class_list":["post-140271","post","type-post","status-publish","format-standard","has-post-thumbnail","hentry","category-estatales"],"_links":{"self":[{"href":"http:\/\/elcuartopoder.com.mx\/nw\/wp-json\/wp\/v2\/posts\/140271","targetHints":{"allow":["GET"]}}],"collection":[{"href":"http:\/\/elcuartopoder.com.mx\/nw\/wp-json\/wp\/v2\/posts"}],"about":[{"href":"http:\/\/elcuartopoder.com.mx\/nw\/wp-json\/wp\/v2\/types\/post"}],"author":[{"embeddable":true,"href":"http:\/\/elcuartopoder.com.mx\/nw\/wp-json\/wp\/v2\/users\/2"}],"replies":[{"embeddable":true,"href":"http:\/\/elcuartopoder.com.mx\/nw\/wp-json\/wp\/v2\/comments?post=140271"}],"version-history":[{"count":1,"href":"http:\/\/elcuartopoder.com.mx\/nw\/wp-json\/wp\/v2\/posts\/140271\/revisions"}],"predecessor-version":[{"id":140273,"href":"http:\/\/elcuartopoder.com.mx\/nw\/wp-json\/wp\/v2\/posts\/140271\/revisions\/140273"}],"wp:featuredmedia":[{"embeddable":true,"href":"http:\/\/elcuartopoder.com.mx\/nw\/wp-json\/wp\/v2\/media\/140272"}],"wp:attachment":[{"href":"http:\/\/elcuartopoder.com.mx\/nw\/wp-json\/wp\/v2\/media?parent=140271"}],"wp:term":[{"taxonomy":"category","embeddable":true,"href":"http:\/\/elcuartopoder.com.mx\/nw\/wp-json\/wp\/v2\/categories?post=140271"},{"taxonomy":"post_tag","embeddable":true,"href":"http:\/\/elcuartopoder.com.mx\/nw\/wp-json\/wp\/v2\/tags?post=140271"}],"curies":[{"name":"wp","href":"https:\/\/api.w.org\/{rel}","templated":true}]}}