{"id":140401,"date":"2025-04-29T10:49:13","date_gmt":"2025-04-29T15:49:13","guid":{"rendered":"https:\/\/elcuartopoder.com.mx\/nw\/?p=140401"},"modified":"2025-04-29T10:49:15","modified_gmt":"2025-04-29T15:49:15","slug":"el-dif-otra-institucion-que-destruira-este-gobierno","status":"publish","type":"post","link":"http:\/\/elcuartopoder.com.mx\/nw\/politica\/el-dif-otra-institucion-que-destruira-este-gobierno\/","title":{"rendered":"El DIF, otra instituci\u00f3n que destruir\u00e1 este gobierno"},"content":{"rendered":"\n<p>Se acuerdan, c\u00f3mo nos quej\u00e1bamos de nuestras ex primeras damas en los tiempos neoliberales, pero nunca entendimos lo felices que \u00e9ramos.<\/p>\n\n\n\n<h2 class=\"wp-block-heading\">Recomiendo agarre vaso jaibolero para preparase una cuba libre, un Tom Collins o un Long Island Ice Tea<\/h2>\n\n\n\n<p>Pues, el gobierno de la presidenta con A, pareciera que su objetivo es ir en contra de las mujeres. Aunque se digan muy feministas de hueso colorado; de lengua se comen su taco.<\/p>\n\n\n\n<p>Es m\u00e1s, los reto a que me digan \u00bfcu\u00e1ndo hab\u00edan vivido un bloqueo en Jueves Santo, s\u00ed, en plena salida de vacaciones de Semana Santa en la salida de Tlalpan porque los trabajadores del DIF se estuvieran manifestando por malos tratos sin sufrir despidos injustificados de trabajadoras por parte de la directora?<\/p>\n\n\n\n<p>En este mismo espacio justo para celebrar, o mejor dicho conmemorar, porque la verdad es que no hay nada que celebrar con la 4T en el D\u00eda de la Mujer, les documente en la columna \u201cLas y los enemigos de las mujeres en el gabinete de Sheinbaum\u201d que la titular del DIF nacional, Mar\u00eda del Roc\u00edo Garc\u00eda P\u00e9rez, se dice intocable porque no s\u00f3lo es \u00edntima de la presidenta, sino que tiene en sus filas trabajando a su t\u00eda, s\u00ed a la t\u00eda de la presidenta. Adem\u00e1s, asegura que ella no est\u00e1 para debatir y que los empleados del DIF est\u00e1n para hacer lo que ella ordene.<\/p>\n\n\n\n<p>Por fas, por fas, hagan un ejercicio e imag\u00ednense a la presidenta en la ma\u00f1anera, con su tono falso de macuspana, decir: \u201cen la 4T ya no hay nepotismo porque nosotros somos diferentes a los neoliberales\u201d, y s\u00ed, ni como negarlo, pues son peores.<\/p>\n\n\n\n<p>Ah y c\u00f3mo dejar de recordar que, en la gesti\u00f3n anterior de Mar\u00eda del Roc\u00edo fue acusada por pedir dinero a los trabajadores que ella met\u00eda a trabajar, pero el OIC y la SFP dieron carpetazo. Y como acostumbran en la 4T tras separarla de su cargo, la premiaron envi\u00e1ndola a la Secretar\u00eda del Bienestar como subsecretar\u00eda, donde estuvo oculta hasta ahora que regres\u00f3 nuevamente al DIF.<\/p>\n\n\n\n<p>Aplausos y les pido una ovaci\u00f3n de pie, pues qu\u00e9 tal se le llena la boca diciendo que son tiempos de mujeres y que ellas s\u00ed ven y velan por el pueblo bueno y sabio; bueno, hasta tenemos por primera vez en la vida una Secretar\u00eda de la Mujer, que no sirva para nada es lo de menos, pues a ellos s\u00f3lo les importa el discurso, no ser congruentes.<\/p>\n\n\n\n<p>La manifestaci\u00f3n del Jueves Santo se debi\u00f3 a que Roc\u00edo, la que se dice ser gran amiga de la presidenta y tener chambeando a la t\u00eda, contin\u00faa con los despidos masivos, en especial \u00a1contra las mujeres!<\/p>\n\n\n\n<p>\u201cNo tenemos idea de por qu\u00e9 tiene tanto coraje contra las trabajadoras. Lo m\u00e1s preocupante es que creemos, por lo que estamos viendo y viviendo en el SN del DIF, que quiere cerrar centros asistenciales como la casa cuna Tlalpan, la escuela primaria DIF, el centro gerontol\u00f3gico Vicente Garc\u00eda Torres, entre otros\u201d.<\/p>\n\n\n\n<p>S\u00ed, yo hice la misma expresi\u00f3n al escuchar a mis fuentes, que ustedes al leerme y no han le\u00eddo lo peor.<\/p>\n\n\n\n<h2 class=\"wp-block-heading\">\u00bfPara qu\u00e9 los quiere cerrar?<\/h2>\n\n\n\n<p>Para entreg\u00e1rselos -inhalen y exhalen- a Migraci\u00f3n, al mismo instituto responsable de la muerte de 40 migrantes y 27 heridos en un incendio el 27 de marzo de 2023 en la estaci\u00f3n migratoria en Ciudad Ju\u00e1rez, \u00bfc\u00f3mo? \u00a1as\u00ed, como lo est\u00e1n leyendo!<\/p>\n\n\n\n<h2 class=\"wp-block-heading\">\u00bfPor queeeeeeeee\u00e9?<\/h2>\n\n\n\n<p>La misma que cobraba cuotas, ahora tiene el descaro de argumentar: maltrato en los centros, sin embargo, esa es la estrategia, es la forma de ir retirando a la mayor\u00eda de las trabajadoras y trabajadores de los centros, sin pensar en los ni\u00f1os, los abuelitos y las familias.<\/p>\n\n\n\n<p>Pero qu\u00e9 tal hablan en sus discursos que primero es el pueblo bueno y sabio y que para ellos trabajan.<\/p>\n\n\n\n<p>La do\u00f1ita no les ha dado la cara a los trabajadores ante las denuncias y rompe toda forma de acercamiento.<\/p>\n\n\n\n<p>Al \u201caqu\u00ed se hace lo que yo digo\u201d se vio, vivi\u00f3 y muchos ciudadanos lo sufrieron cuando los empleados realizaron el bloqueo como protesta sobre calzada de Tlalpan por el despido de cinco trabajadoras argumentando maltrato y la amenaza de cerrar la casa cuna.<\/p>\n\n\n\n<h2 class=\"wp-block-heading\">Redoble de tambores<\/h2>\n\n\n\n<p>Presenciamos un milagro en Jueves Santo, la resurrecci\u00f3n de los granaderos. \u00a1Qui\u00faboles!<\/p>\n\n\n\n<p>Quienes a las \u00f3rdenes de Pablo V\u00e1squez, p\u00e9simo secretario de seguridad de la CDMX, pues cada d\u00eda estamos peor por la inseguridad y el narcomenudeo, recurri\u00f3 a la represi\u00f3n de los trabajadores, utilizando la t\u00e9cnica m\u00e1s socorrida por Sheinbaum y Harfuch, la de encapsular a quienes se atreven a alzar la voz.<\/p>\n\n\n\n<p>La realidad es que todo apunta a que no hay dinero y tiene que reducir el presupuesto lo m\u00e1s posible. -qu\u00e9 tal compraron votos y gastaron en los elefantes blancos de AMLO-<\/p>\n\n\n\n<p>La do\u00f1ita maneja un gasto totalmente opaco del presupuesto donde, por ejemplo, las licitaciones de seguridad, comedor y limpieza s\u00f3lo se presenta un concursante, quien obviamente gana. Se supone que no puede haber personal de honorarios por austeridad y los tiene como asesores, de hecho, hay \u00e1reas repletas de personal de confianza que duplican funciones, etc.<\/p>\n\n\n\n<p>\u201cSe niega a negociar las condiciones generales de trabajo que nos dar\u00edan certeza y seguridad como trabajadores. Su oficina y la de la t\u00eda de la presidenta ostentan opulencia, la cual contrasta con la mayor\u00eda de oficinas. Las \u00e1reas y los centros sufren de descuido, falta de mantenimiento, uniformes, suministros y con equipos de c\u00f3mputo que en la mayor\u00eda de casos ya no tienen reparaci\u00f3n y nosotros debemos en muchos casos pagar las copias, traer las impresoras de nuestras casas y hasta productos higi\u00e9nicos y de limpieza\u201d.<\/p>\n\n\n\n<h2 class=\"wp-block-heading\">Sin palabras<\/h2>\n\n\n\n<p>\u201cAl parecer, su regreso al DIF fue para desmantelarlo poco a poco en venganza. Lo ir\u00f3nico, es que esta instituci\u00f3n tan noble con gente buena y trabajadora del Sistema Nacional para el Desarrollo Integral de la Familia (DIF) se enfrenta a una mujer que est\u00e1 dejando a muchas familias sin desarrollo y con maltrato\u201d.<\/p>\n\n\n\n<p>Citlalli Hern\u00e1ndez, \u00bfnada qu\u00e9 decir o qu\u00e9 hacer o como en el Senado aqu\u00ed tambi\u00e9n eres aviadora? Pregunta en tiempos de mujeres, y por fas, no salgas con que es violencia pol\u00edtica de genero, \u00a1eh!<\/p>\n\n\n\n<p>Tras leer lo anterior, ya entendemos porqu\u00e9 quieren s\u00ed o s\u00ed sacar su nueva ley de telecomunicaciones para callarnos, porque muerta la transparencia, muerta la libre expresi\u00f3n. Se acabaron los esc\u00e1ndalos por sus saqueos.<\/p>\n","protected":false},"excerpt":{"rendered":"<p>Se acuerdan, c\u00f3mo nos quej\u00e1bamos de nuestras ex primeras damas en los tiempos neoliberales, pero nunca entendimos lo felices que \u00e9ramos. Recomiendo agarre vaso jaibolero para preparase una cuba libre, un Tom Collins o un Long Island Ice Tea Pues, el gobierno de la presidenta con A, pareciera que su objetivo es ir en contra [&hellip;]<\/p>\n","protected":false},"author":2,"featured_media":140402,"comment_status":"open","ping_status":"open","sticky":false,"template":"","format":"standard","meta":{"footnotes":""},"categories":[61],"tags":[],"class_list":["post-140401","post","type-post","status-publish","format-standard","has-post-thumbnail","hentry","category-politica"],"_links":{"self":[{"href":"http:\/\/elcuartopoder.com.mx\/nw\/wp-json\/wp\/v2\/posts\/140401","targetHints":{"allow":["GET"]}}],"collection":[{"href":"http:\/\/elcuartopoder.com.mx\/nw\/wp-json\/wp\/v2\/posts"}],"about":[{"href":"http:\/\/elcuartopoder.com.mx\/nw\/wp-json\/wp\/v2\/types\/post"}],"author":[{"embeddable":true,"href":"http:\/\/elcuartopoder.com.mx\/nw\/wp-json\/wp\/v2\/users\/2"}],"replies":[{"embeddable":true,"href":"http:\/\/elcuartopoder.com.mx\/nw\/wp-json\/wp\/v2\/comments?post=140401"}],"version-history":[{"count":1,"href":"http:\/\/elcuartopoder.com.mx\/nw\/wp-json\/wp\/v2\/posts\/140401\/revisions"}],"predecessor-version":[{"id":140403,"href":"http:\/\/elcuartopoder.com.mx\/nw\/wp-json\/wp\/v2\/posts\/140401\/revisions\/140403"}],"wp:featuredmedia":[{"embeddable":true,"href":"http:\/\/elcuartopoder.com.mx\/nw\/wp-json\/wp\/v2\/media\/140402"}],"wp:attachment":[{"href":"http:\/\/elcuartopoder.com.mx\/nw\/wp-json\/wp\/v2\/media?parent=140401"}],"wp:term":[{"taxonomy":"category","embeddable":true,"href":"http:\/\/elcuartopoder.com.mx\/nw\/wp-json\/wp\/v2\/categories?post=140401"},{"taxonomy":"post_tag","embeddable":true,"href":"http:\/\/elcuartopoder.com.mx\/nw\/wp-json\/wp\/v2\/tags?post=140401"}],"curies":[{"name":"wp","href":"https:\/\/api.w.org\/{rel}","templated":true}]}}