{"id":140480,"date":"2025-05-01T20:05:43","date_gmt":"2025-05-02T01:05:43","guid":{"rendered":"https:\/\/elcuartopoder.com.mx\/nw\/?p=140480"},"modified":"2025-05-01T20:05:44","modified_gmt":"2025-05-02T01:05:44","slug":"cofece-busca-demandar-a-distribuidoras-que-inflaron-precios-de-medicamentos","status":"publish","type":"post","link":"http:\/\/elcuartopoder.com.mx\/nw\/destacadas\/cofece-busca-demandar-a-distribuidoras-que-inflaron-precios-de-medicamentos\/","title":{"rendered":"Cofece busca demandar a distribuidoras que inflaron precios de medicamentos"},"content":{"rendered":"\n<p>La Comisi\u00f3n Federal de Competencia Econ\u00f3mica (Cofece) apel\u00f3 ante la Suprema Corte de Justicia de la Naci\u00f3n (SCJN) la negativa de un juzgado especializado de admitir su primera acci\u00f3n colectiva contra distribuidoras farmac\u00e9uticas, acusadas de colusi\u00f3n para inflar los precios de medicamentos, un juicio en el que impuso una multa por m\u00e1s de 2 mil 300 millones de pesos.<\/p>\n\n\n\n<p>Con el recurso de apelaci\u00f3n, el organismo aut\u00f3nomo \u2013actualmente en proceso de extinci\u00f3n\u2013 busca que la Corte ordene una nueva resoluci\u00f3n que le permita continuar con la demanda colectiva contra las empresas Casa Saba, Casa Marzam, F\u00e1rmacos Nacionales y la Asociaci\u00f3n de Distribuidores de Productos Farmac\u00e9uticos de la Rep\u00fablica Mexicana.<\/p>\n\n\n\n<p>En el litigio, la Cofece exige el pago de 2 mil 316 millones de pesos por da\u00f1os al sistema de salud, debido a pr\u00e1cticas monop\u00f3licas.<\/p>\n\n\n\n<p>Los recursos ser\u00edan destinados al IMSS-Bienestar para fortalecer los servicios de salud de la poblaci\u00f3n, ya que fue el sector salud el que sufri\u00f3 el mayor perjuicio.<\/p>\n\n\n\n<p>Seg\u00fan la comisi\u00f3n, dichas compa\u00f1\u00edas se habr\u00edan puesto de acuerdo durante 10 a\u00f1os para suspender la distribuci\u00f3n de medicamentos en determinadas fechas, restringir el suministro a farmacias y manipular los precios y descuentos ofrecidos, afectando as\u00ed el acceso y el costo de los medicamentos.<\/p>\n\n\n\n<p>Inconformes con esta determinaci\u00f3n, las empresas impugnaron la decisi\u00f3n de la Cofece.<\/p>\n\n\n\n<p>El 15 de noviembre de 2024, el juzgado primero de distrito en materia administrativa especializado en competencia econ\u00f3mica, radiodifusi\u00f3n y telecomunicaciones \u2013con sede en la Ciudad de M\u00e9xico y jurisdicci\u00f3n en todo el pa\u00eds\u2013 resolvi\u00f3 que la demanda colectiva presentada por el \u00f3rgano no cumpl\u00eda con los requisitos legales para ser admitida y, por lo tanto, decidi\u00f3 no darle tr\u00e1mite.<\/p>\n\n\n\n<p>El caso, promovido por la comisionada presidenta de la Cofece, Andrea Marv\u00e1n Saltiel, fue turnado por la presidencia de la Corte al ministro Alberto P\u00e9rez Day\u00e1n, integrante de la segunda sala del m\u00e1ximo tribunal del pa\u00eds.<\/p>\n","protected":false},"excerpt":{"rendered":"<p>La Comisi\u00f3n Federal de Competencia Econ\u00f3mica (Cofece) apel\u00f3 ante la Suprema Corte de Justicia de la Naci\u00f3n (SCJN) la negativa de un juzgado especializado de admitir su primera acci\u00f3n colectiva contra distribuidoras farmac\u00e9uticas, acusadas de colusi\u00f3n para inflar los precios de medicamentos, un juicio en el que impuso una multa por m\u00e1s de 2 mil [&hellip;]<\/p>\n","protected":false},"author":2,"featured_media":140481,"comment_status":"open","ping_status":"open","sticky":false,"template":"","format":"standard","meta":{"footnotes":""},"categories":[59],"tags":[],"class_list":["post-140480","post","type-post","status-publish","format-standard","has-post-thumbnail","hentry","category-destacadas"],"_links":{"self":[{"href":"http:\/\/elcuartopoder.com.mx\/nw\/wp-json\/wp\/v2\/posts\/140480","targetHints":{"allow":["GET"]}}],"collection":[{"href":"http:\/\/elcuartopoder.com.mx\/nw\/wp-json\/wp\/v2\/posts"}],"about":[{"href":"http:\/\/elcuartopoder.com.mx\/nw\/wp-json\/wp\/v2\/types\/post"}],"author":[{"embeddable":true,"href":"http:\/\/elcuartopoder.com.mx\/nw\/wp-json\/wp\/v2\/users\/2"}],"replies":[{"embeddable":true,"href":"http:\/\/elcuartopoder.com.mx\/nw\/wp-json\/wp\/v2\/comments?post=140480"}],"version-history":[{"count":1,"href":"http:\/\/elcuartopoder.com.mx\/nw\/wp-json\/wp\/v2\/posts\/140480\/revisions"}],"predecessor-version":[{"id":140482,"href":"http:\/\/elcuartopoder.com.mx\/nw\/wp-json\/wp\/v2\/posts\/140480\/revisions\/140482"}],"wp:featuredmedia":[{"embeddable":true,"href":"http:\/\/elcuartopoder.com.mx\/nw\/wp-json\/wp\/v2\/media\/140481"}],"wp:attachment":[{"href":"http:\/\/elcuartopoder.com.mx\/nw\/wp-json\/wp\/v2\/media?parent=140480"}],"wp:term":[{"taxonomy":"category","embeddable":true,"href":"http:\/\/elcuartopoder.com.mx\/nw\/wp-json\/wp\/v2\/categories?post=140480"},{"taxonomy":"post_tag","embeddable":true,"href":"http:\/\/elcuartopoder.com.mx\/nw\/wp-json\/wp\/v2\/tags?post=140480"}],"curies":[{"name":"wp","href":"https:\/\/api.w.org\/{rel}","templated":true}]}}