{"id":140483,"date":"2025-05-01T20:08:21","date_gmt":"2025-05-02T01:08:21","guid":{"rendered":"https:\/\/elcuartopoder.com.mx\/nw\/?p=140483"},"modified":"2025-05-01T20:08:22","modified_gmt":"2025-05-02T01:08:22","slug":"registran-aumento-de-miopia-en-mexico-tras-pandemia-de-covid-19","status":"publish","type":"post","link":"http:\/\/elcuartopoder.com.mx\/nw\/destacadas\/registran-aumento-de-miopia-en-mexico-tras-pandemia-de-covid-19\/","title":{"rendered":"Registran aumento de miop\u00eda en M\u00e9xico tras pandemia de covid-19"},"content":{"rendered":"\n<p><em>Ciudad de M\u00e9xico.&nbsp;<\/em>La miop\u00eda ya es una epidemia y en M\u00e9xico, un problema que ha aumentado desde la pandemia de covid-19. Antes de 2019, el diagn\u00f3stico se hac\u00eda a partir de los ocho a\u00f1os de edad, en promedio. Ahora desde los tres a\u00f1os se presenta esta deficiencia visual, afirmaron especialistas de la Sociedad Mexicana de Oftalmolog\u00eda (SMO).<\/p>\n\n\n\n<p>Vanessa Bosch, presidenta del Colegio de Visi\u00f3n y Errores Refractivos, explic\u00f3 que adem\u00e1s del factor gen\u00e9tico y el prolongado tiempo de uso de dispositivos electr\u00f3nicos, influye la baja exposici\u00f3n a la luz solar.&nbsp;<\/p>\n\n\n\n<p>Asegur\u00f3, con base en estad\u00edsticas oficiales, que 60 millones de mexicanos quieren utilizar lentes para corregir alguna deficiencia visual, pero s\u00f3lo 15 millones cuentan con ellos.&nbsp;<\/p>\n\n\n\n<p>Entre las causas del incremento en la miop\u00eda est\u00e1 que los ni\u00f1os ya no salen a la calle y se pierden de la estimulaci\u00f3n de la luz solar para la producci\u00f3n de dopamina en la retina. Esto es un factor de protecci\u00f3n porque esa sustancia qu\u00edmica evita que el ojo aumente de tama\u00f1o y que se presente la miop\u00eda.<\/p>\n\n\n\n<p>Jos\u00e9 Antonio Paczka, presidente de la SMO, asegur\u00f3 que m\u00e1s de 30 por ciento de ni\u00f1os y adolescentes presentan alg\u00fan defecto visual, problema que aumenta en forma acelerada y ya es la primera causa de discapacidad visual.<\/p>\n\n\n\n<p>En conferencia, en v\u00edsperas de la celebraci\u00f3n del D\u00eda del Ni\u00f1o, los expertos hicieron un llamado a los padres de familia para que se concienticen sobre la relevancia de los ex\u00e1menes visuales de sus hijos y se realicen cada a\u00f1o.&nbsp;<\/p>\n\n\n\n<p>Reconocieron que aunque existe una Norma Oficial Mexicana en la materia, no siempre se cumple por varias razones, entre ellas el escaso n\u00famero de m\u00e9dicos oftalm\u00f3logos, de los cuales hay alrededor de 5 mil en el pa\u00eds. De ellos, cuatro mil est\u00e1n acreditados por la SMO.&nbsp;<\/p>\n\n\n\n<p>La doctora Sonia Corbera refiri\u00f3 datos del Instituto Nacional de Estad\u00edstica y Geograf\u00eda (INEGI) seg\u00fan los cuales, hasta 8 de cada 10 ni\u00f1os y adolescentes tienen alg\u00fan tipo de deficiencia visual (miop\u00eda, hipermetropia y\/o astigmatismo), as\u00ed como 9 de cada 10 individuos de comunidades ind\u00edgenas.&nbsp;<\/p>\n\n\n\n<p>Un desaf\u00edo para el pa\u00eds est\u00e1 en la carencia de oftalm\u00f3logos. La Organizaci\u00f3n Mundial de la Salud ha indicado que deber\u00eda haber, al menos, 10 mil a nivel nacional.&nbsp;<\/p>\n\n\n\n<p>A su vez Paczka coment\u00f3 que la mayor\u00eda de los oftalm\u00f3logos est\u00e1n concentrados en las grandes ciudades, lo que dificulta el acceso a un servicio de esta especialidad. Tambi\u00e9n dijo que los m\u00e9dicos de primer contacto deber\u00edan realizar las detecciones de los pacientes y enviarlos con el especialista cuando detecten alguna anomal\u00eda. Esto es algo que se debe reforzar en los servicios de salud.&nbsp;<\/p>\n\n\n\n<p>Los especialistas advirtieron que las fallas en la visi\u00f3n no son reconocidas como enfermedades, pero si no se diagnostican y tampoco se atienden, en el largo plazo, cuando las personas llegan a la edad adulta, adem\u00e1s de requerir una graduaci\u00f3n alta en los lentes, tienen el riesgo de desarrollar complicaciones como desprendimiento de retina glaucoma y degeneraci\u00f3n macular, todas causas irreversibles de ceguera.<\/p>\n","protected":false},"excerpt":{"rendered":"<p>Ciudad de M\u00e9xico.&nbsp;La miop\u00eda ya es una epidemia y en M\u00e9xico, un problema que ha aumentado desde la pandemia de covid-19. Antes de 2019, el diagn\u00f3stico se hac\u00eda a partir de los ocho a\u00f1os de edad, en promedio. Ahora desde los tres a\u00f1os se presenta esta deficiencia visual, afirmaron especialistas de la Sociedad Mexicana de [&hellip;]<\/p>\n","protected":false},"author":2,"featured_media":140484,"comment_status":"open","ping_status":"open","sticky":false,"template":"","format":"standard","meta":{"footnotes":""},"categories":[59],"tags":[],"class_list":["post-140483","post","type-post","status-publish","format-standard","has-post-thumbnail","hentry","category-destacadas"],"_links":{"self":[{"href":"http:\/\/elcuartopoder.com.mx\/nw\/wp-json\/wp\/v2\/posts\/140483","targetHints":{"allow":["GET"]}}],"collection":[{"href":"http:\/\/elcuartopoder.com.mx\/nw\/wp-json\/wp\/v2\/posts"}],"about":[{"href":"http:\/\/elcuartopoder.com.mx\/nw\/wp-json\/wp\/v2\/types\/post"}],"author":[{"embeddable":true,"href":"http:\/\/elcuartopoder.com.mx\/nw\/wp-json\/wp\/v2\/users\/2"}],"replies":[{"embeddable":true,"href":"http:\/\/elcuartopoder.com.mx\/nw\/wp-json\/wp\/v2\/comments?post=140483"}],"version-history":[{"count":1,"href":"http:\/\/elcuartopoder.com.mx\/nw\/wp-json\/wp\/v2\/posts\/140483\/revisions"}],"predecessor-version":[{"id":140485,"href":"http:\/\/elcuartopoder.com.mx\/nw\/wp-json\/wp\/v2\/posts\/140483\/revisions\/140485"}],"wp:featuredmedia":[{"embeddable":true,"href":"http:\/\/elcuartopoder.com.mx\/nw\/wp-json\/wp\/v2\/media\/140484"}],"wp:attachment":[{"href":"http:\/\/elcuartopoder.com.mx\/nw\/wp-json\/wp\/v2\/media?parent=140483"}],"wp:term":[{"taxonomy":"category","embeddable":true,"href":"http:\/\/elcuartopoder.com.mx\/nw\/wp-json\/wp\/v2\/categories?post=140483"},{"taxonomy":"post_tag","embeddable":true,"href":"http:\/\/elcuartopoder.com.mx\/nw\/wp-json\/wp\/v2\/tags?post=140483"}],"curies":[{"name":"wp","href":"https:\/\/api.w.org\/{rel}","templated":true}]}}