{"id":140580,"date":"2025-05-05T12:42:43","date_gmt":"2025-05-05T17:42:43","guid":{"rendered":"https:\/\/elcuartopoder.com.mx\/nw\/?p=140580"},"modified":"2025-05-05T12:42:45","modified_gmt":"2025-05-05T17:42:45","slug":"la-policia-brasilena-frustra-un-atentado-con-bomba-en-el-concierto-de-lady-gaga-en-rio","status":"publish","type":"post","link":"http:\/\/elcuartopoder.com.mx\/nw\/policiacas\/la-policia-brasilena-frustra-un-atentado-con-bomba-en-el-concierto-de-lady-gaga-en-rio\/","title":{"rendered":"La Polic\u00eda brasile\u00f1a frustra un atentado con bomba en el concierto de Lady Gaga en R\u00edo"},"content":{"rendered":"\n<p>La Polic\u00eda de\u00a0R\u00edo de Janeiro\u00a0desarticul\u00f3 este s\u00e1bado\u00a0<strong>un atentado con bomba\u00a0<\/strong>contra el concierto de la cantante estadounidense\u00a0Lady Gaga\u00a0en la playa de Copacabana, al que asistieron cerca de dos millones de personas, seg\u00fan ha informado el propio cuerpo a trav\u00e9s de un comunicado en su p\u00e1gina web y sus redes sociales.<\/p>\n\n\n\n<p>En concreto, la Polic\u00eda carioca ha detenido a dos personas, el responsable del plan y un adolescente, en la operaci\u00f3n &#8216;Fake Monster&#8217;, nombrada as\u00ed en homenaje al primer \u00e1lbum de la cantante. \u00abEstaban reclutando participantes, incluso adolescentes, para llevar a cabo ataques con<strong>&nbsp;explosivos improvisados y bombas molotov<\/strong>\u00bb, han explicado.<\/p>\n\n\n\n<p>El cabecilla del grupo, que \u00abdifund\u00eda discursos de odio y preparaba un plan principalmente contra ni\u00f1os, ni\u00f1as, adolescentes y comunidad LGBTQIA+\u00bb, ha sido detenido por posesi\u00f3n ilegal de arma de fuego en Rio Grande do Sul. Por su parte, al adolescente se le imputa arrestado tambi\u00e9n un delito de&nbsp;<strong>almacenamiento de pornograf\u00eda infantil<\/strong>.<\/p>\n\n\n\n<p>\u00abLos objetivos del operativo llevaban a cabo su labor en plataformas digitales, donde promov\u00edan\u00a0<strong>la radicalizaci\u00f3n de adolescentes, la difusi\u00f3n de cr\u00edmenes de odio<\/strong>, las autolesiones, la pedofilia y los contenidos violentos como forma de pertenencia y desaf\u00edo entre los j\u00f3venes\u00bb, ha se\u00f1alado la Polic\u00eda.<\/p>\n\n\n\n<p>Durante la operaci\u00f3n se cumplieron<strong>&nbsp;15 \u00f3rdenes de allanamiento e incautaci\u00f3n<\/strong>&nbsp;contra nueve objetivos en estados como R\u00edo de Janeiro, Sao Paulo o Mato Grosso. En los domicilios de los afectados la Polic\u00eda requis\u00f3 dispositivos electr\u00f3nicos y otros materiales que ser\u00e1n analizados para fortalecer las investigaciones.<\/p>\n\n\n\n<p>Adem\u00e1s, en la tarde del s\u00e1bado, otros agentes acudieron a la localidad de Maca\u00e9 para ejecutar una orden de b\u00fasqueda e incautaci\u00f3n contra un individuo que tambi\u00e9n estaba planeando atentados.<strong>&nbsp;Amenaz\u00f3 con matar a un ni\u00f1o en directo<\/strong>&nbsp;y est\u00e1 acusado de terrorismo e incitaci\u00f3n al crimen.<\/p>\n","protected":false},"excerpt":{"rendered":"<p>La Polic\u00eda de\u00a0R\u00edo de Janeiro\u00a0desarticul\u00f3 este s\u00e1bado\u00a0un atentado con bomba\u00a0contra el concierto de la cantante estadounidense\u00a0Lady Gaga\u00a0en la playa de Copacabana, al que asistieron cerca de dos millones de personas, seg\u00fan ha informado el propio cuerpo a trav\u00e9s de un comunicado en su p\u00e1gina web y sus redes sociales. En concreto, la Polic\u00eda carioca ha [&hellip;]<\/p>\n","protected":false},"author":2,"featured_media":140581,"comment_status":"open","ping_status":"open","sticky":false,"template":"","format":"standard","meta":{"footnotes":""},"categories":[23],"tags":[],"class_list":["post-140580","post","type-post","status-publish","format-standard","has-post-thumbnail","hentry","category-policiacas"],"_links":{"self":[{"href":"http:\/\/elcuartopoder.com.mx\/nw\/wp-json\/wp\/v2\/posts\/140580","targetHints":{"allow":["GET"]}}],"collection":[{"href":"http:\/\/elcuartopoder.com.mx\/nw\/wp-json\/wp\/v2\/posts"}],"about":[{"href":"http:\/\/elcuartopoder.com.mx\/nw\/wp-json\/wp\/v2\/types\/post"}],"author":[{"embeddable":true,"href":"http:\/\/elcuartopoder.com.mx\/nw\/wp-json\/wp\/v2\/users\/2"}],"replies":[{"embeddable":true,"href":"http:\/\/elcuartopoder.com.mx\/nw\/wp-json\/wp\/v2\/comments?post=140580"}],"version-history":[{"count":1,"href":"http:\/\/elcuartopoder.com.mx\/nw\/wp-json\/wp\/v2\/posts\/140580\/revisions"}],"predecessor-version":[{"id":140582,"href":"http:\/\/elcuartopoder.com.mx\/nw\/wp-json\/wp\/v2\/posts\/140580\/revisions\/140582"}],"wp:featuredmedia":[{"embeddable":true,"href":"http:\/\/elcuartopoder.com.mx\/nw\/wp-json\/wp\/v2\/media\/140581"}],"wp:attachment":[{"href":"http:\/\/elcuartopoder.com.mx\/nw\/wp-json\/wp\/v2\/media?parent=140580"}],"wp:term":[{"taxonomy":"category","embeddable":true,"href":"http:\/\/elcuartopoder.com.mx\/nw\/wp-json\/wp\/v2\/categories?post=140580"},{"taxonomy":"post_tag","embeddable":true,"href":"http:\/\/elcuartopoder.com.mx\/nw\/wp-json\/wp\/v2\/tags?post=140580"}],"curies":[{"name":"wp","href":"https:\/\/api.w.org\/{rel}","templated":true}]}}