{"id":140583,"date":"2025-05-05T12:45:38","date_gmt":"2025-05-05T17:45:38","guid":{"rendered":"https:\/\/elcuartopoder.com.mx\/nw\/?p=140583"},"modified":"2025-05-05T12:45:39","modified_gmt":"2025-05-05T17:45:39","slug":"condenan-bullying-en-el-dia-internacional-contra-el-acoso-escolar","status":"publish","type":"post","link":"http:\/\/elcuartopoder.com.mx\/nw\/varios\/condenan-bullying-en-el-dia-internacional-contra-el-acoso-escolar\/","title":{"rendered":"Condenan \u2018bullying\u2019, en el D\u00eda Internacional contra el Acoso Escolar"},"content":{"rendered":"\n<p><em>Ciudad de M\u00e9xico.&nbsp;<\/em>En el contexto del D\u00eda Internacional contra el Acoso Escolar o Bullying, la Red por los Derechos de la Infancia en M\u00e9xico (Redim) y la Universidad Aut\u00f3noma Metropolitana (UAM) condenaron esta pr\u00e1ctica que \u201cpuede dejar huellas profundas en la salud mental, autoestima y el desarrollo de quienes lo sufren\u201d.<\/p>\n\n\n\n<p>Cada 2 de mayo, desde 2011, se conmemora esta fecha, y al respecto la Redim destac\u00f3 que datos de la Encuesta Nacional sobre Discriminaci\u00f3n (2022) indican que 28 por ciento de los 11.7 millones de ni\u00f1as, ni\u00f1os y adolescentes de entre 12 y 17 a\u00f1os que asist\u00edan a la escuela en el pa\u00eds se\u00f1alaron haber sido v\u00edctimas de acoso escolar en el \u00faltimo a\u00f1o.<\/p>\n\n\n\n<p>Ello significa que unos \u201c3.3 millones de estudiantes adolescentes hab\u00edan sido v\u00edctimas de esta forma de violencia en el pa\u00eds\u201d, sostuvo la Redim.<\/p>\n\n\n\n<p>Aparte la UAM subray\u00f3 que existen muchas formas de ejercer violencia entre iguales, por ejemplo, colocar un apodo que denigra, empujones recurrentes, amenazas o proferir insultos y record\u00f3 que de acuerdo al estudio de la Organizaci\u00f3n Mundial de la Salud denominado Health Behaviour in School-age Children, alrededor de uno de cada 10 infantes y adolescentes, aproximadamente 11 por ciento ha sido acosado en la escuela alguna vez en su vida.<\/p>\n\n\n\n<p>En tanto, la Organizaci\u00f3n de las Naciones Unidas para la Educaci\u00f3n, la Ciencia y la Cultura reporta cada mes el acoso afecta a uno de cada tres estudiantes y advierte que la violencia en las escuelas afecta de manera desproporcionada a ciertos grupos en funci\u00f3n de su g\u00e9nero, orientaci\u00f3n sexual, situaci\u00f3n econ\u00f3mica, entre otras circunstancias. Las ni\u00f1as son m\u00e1s vulnerables, pues hasta 25 por ciento de las adolescentes experimenta violencia de g\u00e9nero, y 40 por ciento de esos incidentes ocurren en centros educativos.<\/p>\n\n\n\n<p>La Redim a\u00f1adi\u00f3 que incluso el acoso puede estar motivado por carecer de aparatos electr\u00f3nicos. \u201cEl 17.8 por ciento de las y los estudiantes de 12 a 17 a\u00f1os reportaron que les hab\u00edan hecho&nbsp;<em>bullying<\/em>&nbsp;por no tener celular, tablet o videojuegos. En 2022 \u201c581 mil\u201d alumnos dijeron haber experimentado ese tipo de acoso.<\/p>\n\n\n\n<p>El&nbsp;<em>bullying<\/em>&nbsp;se potencia y multiplica cuando de las aulas se traslada a internet, a trav\u00e9s de las redes sociales. El 20.8 por ciento de los infantes y adolescentes experimentaron ciberacoso escolar.<\/p>\n\n\n\n<p>La Redim llam\u00f3 a prevenir y atender y a no justificar el acoso escolar, y para ello \u201cescuchar a ni\u00f1as, ni\u00f1os y adolescentes es el primer paso\u201d.<\/p>\n","protected":false},"excerpt":{"rendered":"<p>Ciudad de M\u00e9xico.&nbsp;En el contexto del D\u00eda Internacional contra el Acoso Escolar o Bullying, la Red por los Derechos de la Infancia en M\u00e9xico (Redim) y la Universidad Aut\u00f3noma Metropolitana (UAM) condenaron esta pr\u00e1ctica que \u201cpuede dejar huellas profundas en la salud mental, autoestima y el desarrollo de quienes lo sufren\u201d. Cada 2 de mayo, [&hellip;]<\/p>\n","protected":false},"author":2,"featured_media":140584,"comment_status":"open","ping_status":"open","sticky":false,"template":"","format":"standard","meta":{"footnotes":""},"categories":[64],"tags":[],"class_list":["post-140583","post","type-post","status-publish","format-standard","has-post-thumbnail","hentry","category-varios"],"_links":{"self":[{"href":"http:\/\/elcuartopoder.com.mx\/nw\/wp-json\/wp\/v2\/posts\/140583","targetHints":{"allow":["GET"]}}],"collection":[{"href":"http:\/\/elcuartopoder.com.mx\/nw\/wp-json\/wp\/v2\/posts"}],"about":[{"href":"http:\/\/elcuartopoder.com.mx\/nw\/wp-json\/wp\/v2\/types\/post"}],"author":[{"embeddable":true,"href":"http:\/\/elcuartopoder.com.mx\/nw\/wp-json\/wp\/v2\/users\/2"}],"replies":[{"embeddable":true,"href":"http:\/\/elcuartopoder.com.mx\/nw\/wp-json\/wp\/v2\/comments?post=140583"}],"version-history":[{"count":1,"href":"http:\/\/elcuartopoder.com.mx\/nw\/wp-json\/wp\/v2\/posts\/140583\/revisions"}],"predecessor-version":[{"id":140585,"href":"http:\/\/elcuartopoder.com.mx\/nw\/wp-json\/wp\/v2\/posts\/140583\/revisions\/140585"}],"wp:featuredmedia":[{"embeddable":true,"href":"http:\/\/elcuartopoder.com.mx\/nw\/wp-json\/wp\/v2\/media\/140584"}],"wp:attachment":[{"href":"http:\/\/elcuartopoder.com.mx\/nw\/wp-json\/wp\/v2\/media?parent=140583"}],"wp:term":[{"taxonomy":"category","embeddable":true,"href":"http:\/\/elcuartopoder.com.mx\/nw\/wp-json\/wp\/v2\/categories?post=140583"},{"taxonomy":"post_tag","embeddable":true,"href":"http:\/\/elcuartopoder.com.mx\/nw\/wp-json\/wp\/v2\/tags?post=140583"}],"curies":[{"name":"wp","href":"https:\/\/api.w.org\/{rel}","templated":true}]}}