{"id":140598,"date":"2025-05-05T13:00:05","date_gmt":"2025-05-05T18:00:05","guid":{"rendered":"https:\/\/elcuartopoder.com.mx\/nw\/?p=140598"},"modified":"2025-05-05T13:00:06","modified_gmt":"2025-05-05T18:00:06","slug":"plata-o-plomo-una-nueva-genialidad-de-la-4t","status":"publish","type":"post","link":"http:\/\/elcuartopoder.com.mx\/nw\/opinion\/plata-o-plomo-una-nueva-genialidad-de-la-4t\/","title":{"rendered":"Plata o plomo, una nueva \u201cgenialidad\u201d de la 4t"},"content":{"rendered":"\n<p><strong>La reforma a la Ley de Armas de Fuego y Explosivos<\/strong>&nbsp;permite que personal de&nbsp;<strong>Pemex, CFE, Centro Nacional de Inteligencia, SAT, Banco de M\u00e9xico<\/strong>, entre otras entidades, puedan portar armas. De hecho, dice \u201cpersonas f\u00edsicas o morales puedan portar armas para el desarrollo de sus funciones de seguridad que emita la&nbsp;<strong>Secretar\u00eda de la Defensa Nacional&nbsp;<\/strong>siempre y cuando cumplan con los requisitos exigidos\u201d.<\/p>\n\n\n\n<p>Pongo mi primer requisito: que nos expliquen c\u00f3mo una persona moral, puede usar armas. M\u00e1s all\u00e1 de que la reforma viene de la Consejera Jur\u00eddica de la Presidencia, los integrantes&nbsp;<strong>morenistas del Poder Legislativo<\/strong>&nbsp;deber\u00edan detectar y eliminar ese tipo de pifias.<\/p>\n\n\n\n<p>Esta reforma tambi\u00e9n endurece las penas y sanciones a quienes trafiquen e introduzcan armas al pa\u00eds, al mismo tiempo que supuestamente facilitan permisos para tener un arma en el domicilio para defenderse de los delincuentes.<\/p>\n\n\n\n<p>Estas reformas a la citada ley incrementan dos problemas que se resumen en una mayor probabilidad de accidentes, violencia y muertes por arma de fuego en el pa\u00eds.<\/p>\n\n\n\n<p>Para ser un gobierno \u201cpacifista\u201d, esta propuesta de la 4t deja mucho que desear. Pero hay m\u00e1s: M\u00e9xico es firmante de la Agenda 2030 para el desarrollo sustentable, cuya meta 16.1 dice: \u201ctodos los estados har\u00e1n lo posible por reducir todas las formas de violencia y tasas de muerte\u201d.<\/p>\n\n\n\n<p>Evidentemente esto se complica cuando hay m\u00e1s armas, m\u00e1s permisos de portarlas y m\u00e1s laxitud en el uso; tener un arma debiera suponer saber manejarla y no tenerla al alcance de los menores.<\/p>\n\n\n\n<p>Seg\u00fan el&nbsp;<strong>Sistema Nacional de Seguridad P\u00fablica<\/strong>&nbsp;\u201cen 2023, ocurrieron m\u00e1s de tres mil incidentes relacionados con armas de fuego en el \u00e1mbito dom\u00e9stico y un alto porcentaje de ellos involucr\u00f3 a menores de edad.\u201d (octubre de 2024).<\/p>\n\n\n\n<p>Sigamos. El permitir que algunos funcionarios p\u00fablicos porten y usen armas es crear una diferencia entre la ciudadan\u00eda. Por ley ya hay dos tipos de personas: los que pueden portar armas de cierto calibre y el resto, que podr\u00e1 ser amedrentado, violentado, vapuleado y s\u00ed, hasta baleado si el otro grupo ciudadano as\u00ed lo decide.<\/p>\n\n\n\n<p>La reforma que permiten a ciertos funcionarios p\u00fablicos tener armas, divide a los ciudadanos en de primera y de segunda. Para ser un gobierno que busca la \u201cigualdad\u201d, legalizaron una de las formas m\u00e1s crudas de discriminaci\u00f3n. Las implicaciones de esto se medir\u00e1n en m\u00e1s muertos, sangre, venganzas y odios.<\/p>\n\n\n\n<p>No niego la violencia que envuelve al pa\u00eds. Tampoco que la cantidad de armas ilegales que existen son un peligro para todos. Pero esta reforma es un cambio significativo en la pol\u00edtica de Seguridad P\u00fablica. De cierta forma olvida la responsabilidad constitucional del gobierno de garantizar la seguridad a su poblaci\u00f3n v\u00eda sus Fuerzas Armadas y otorga a sus funcionarios, que son civiles, esa responsabilidad. Con otro problema fundamental, no se est\u00e1 garantizando la capacitaci\u00f3n requerida para el uso de dicho armamento.<\/p>\n\n\n\n<p>Esa capacitaci\u00f3n debiera tener varios aspectos. Entre otros, que sepan utilizar las armas y que tengan un estado psicol\u00f3gico adecuado para portarlas.<\/p>\n\n\n\n<p>Algo parecido sucede con el resto de los art\u00edculos reformados en la mencionada ley (m\u00e1s de 50). Preocupa y mucho que nada se especifica al respecto de la capacidad y responsabilidad de quienes adquieran las armas.<\/p>\n\n\n\n<p>Otra inquietud subyace: \u00bfhasta d\u00f3nde llega la responsabilidad del Estado de brindar seguridad a la poblaci\u00f3n?, \u00bfc\u00f3mo saber que ese armamento \u2014legal\u2014 no ser\u00e1 utilizado para delinquir, amedrentar, abusar?<\/p>\n\n\n\n<p>Las pol\u00edticas p\u00fablicas no se limitan a una modificaci\u00f3n en la norma. Deben tener congruencia entre lo que establece la letra y lo que se espera de su ejecuci\u00f3n o pr\u00e1ctica. Pero debe tambi\u00e9n haber una coherencia integral: no se puede hablar de que somos un pa\u00eds pac\u00edfico donde se fomenta la cultura de paz y el rechazo a la violencia y al mismo tiempo impulsar el uso de armas.<\/p>\n\n\n\n<p>La plata o plomo es la nueva sanguinaria y mortal \u201cgenialidad\u201d de la 4t.<\/p>\n\n\n\n<h2 class=\"wp-block-heading\"><strong>Tres en Raya<\/strong><\/h2>\n\n\n\n<p>(1) A nivel mundial no hay un solo caso que demuestre que la portaci\u00f3n de armas disminuya la violencia. Aqu\u00ed un dato entre miles: en Estados Unidos las tasas de suicidio en infantes y adolescentes, es cuatro veces mayor cuando hay armas en sus hogares.<\/p>\n\n\n\n<p>(2) Los funcionarios de Pemex, de CFE, del SAT \u00bfamenazar\u00e1n con armas si no pagamos?, \u00bfd\u00f3nde estar\u00e1 la diferencia entre los delincuentes que nos roban con armas y los funcionarios que amedrentan con las mismas?<\/p>\n\n\n\n<p>POR VER\u00d3NICA MALO GUZM\u00c1N<\/p>\n","protected":false},"excerpt":{"rendered":"<p>La reforma a la Ley de Armas de Fuego y Explosivos&nbsp;permite que personal de&nbsp;Pemex, CFE, Centro Nacional de Inteligencia, SAT, Banco de M\u00e9xico, entre otras entidades, puedan portar armas. De hecho, dice \u201cpersonas f\u00edsicas o morales puedan portar armas para el desarrollo de sus funciones de seguridad que emita la&nbsp;Secretar\u00eda de la Defensa Nacional&nbsp;siempre y [&hellip;]<\/p>\n","protected":false},"author":2,"featured_media":140599,"comment_status":"open","ping_status":"open","sticky":false,"template":"","format":"standard","meta":{"footnotes":""},"categories":[62],"tags":[],"class_list":["post-140598","post","type-post","status-publish","format-standard","has-post-thumbnail","hentry","category-opinion"],"_links":{"self":[{"href":"http:\/\/elcuartopoder.com.mx\/nw\/wp-json\/wp\/v2\/posts\/140598","targetHints":{"allow":["GET"]}}],"collection":[{"href":"http:\/\/elcuartopoder.com.mx\/nw\/wp-json\/wp\/v2\/posts"}],"about":[{"href":"http:\/\/elcuartopoder.com.mx\/nw\/wp-json\/wp\/v2\/types\/post"}],"author":[{"embeddable":true,"href":"http:\/\/elcuartopoder.com.mx\/nw\/wp-json\/wp\/v2\/users\/2"}],"replies":[{"embeddable":true,"href":"http:\/\/elcuartopoder.com.mx\/nw\/wp-json\/wp\/v2\/comments?post=140598"}],"version-history":[{"count":1,"href":"http:\/\/elcuartopoder.com.mx\/nw\/wp-json\/wp\/v2\/posts\/140598\/revisions"}],"predecessor-version":[{"id":140600,"href":"http:\/\/elcuartopoder.com.mx\/nw\/wp-json\/wp\/v2\/posts\/140598\/revisions\/140600"}],"wp:featuredmedia":[{"embeddable":true,"href":"http:\/\/elcuartopoder.com.mx\/nw\/wp-json\/wp\/v2\/media\/140599"}],"wp:attachment":[{"href":"http:\/\/elcuartopoder.com.mx\/nw\/wp-json\/wp\/v2\/media?parent=140598"}],"wp:term":[{"taxonomy":"category","embeddable":true,"href":"http:\/\/elcuartopoder.com.mx\/nw\/wp-json\/wp\/v2\/categories?post=140598"},{"taxonomy":"post_tag","embeddable":true,"href":"http:\/\/elcuartopoder.com.mx\/nw\/wp-json\/wp\/v2\/tags?post=140598"}],"curies":[{"name":"wp","href":"https:\/\/api.w.org\/{rel}","templated":true}]}}