{"id":140607,"date":"2025-05-05T13:07:02","date_gmt":"2025-05-05T18:07:02","guid":{"rendered":"https:\/\/elcuartopoder.com.mx\/nw\/?p=140607"},"modified":"2025-05-05T13:07:03","modified_gmt":"2025-05-05T18:07:03","slug":"el-mexicano-marco-verde-debuta-en-el-box-profesional-con-nocaut","status":"publish","type":"post","link":"http:\/\/elcuartopoder.com.mx\/nw\/entretenimiento\/deportes\/el-mexicano-marco-verde-debuta-en-el-box-profesional-con-nocaut\/","title":{"rendered":"El mexicano Marco Verde debuta en el box profesional con nocaut"},"content":{"rendered":"\n<p>El boxeador mexicano&nbsp;<strong>Marco Verd<\/strong>e, quien gan\u00f3 la&nbsp;<strong>medalla de plata en los Juegos Ol\u00edmpicos de Par\u00eds 2024<\/strong>, debut\u00f3 el s\u00e1bado como profesional con un triunfo al derrotar con nocaut t\u00e9cnico a Michel \u00abEl \u00c1guila\u00bb Polina.<\/p>\n\n\n\n<p>Verde derrib\u00f3 a su contrincante en el primer round de la pelea que se disput\u00f3 en la ANB&nbsp;<strong>Arena de Arabia Saudita y<\/strong>&nbsp;que estaba pactada a seis rounds en la categor\u00eda de peso medio.<\/p>\n\n\n\n<p>\u00abContento, ya por fin pasaron esos miedos, como cuando empiezas en el amateur que la primera pelea es la m\u00e1s dif\u00edcil y la que m\u00e1s te da miedo, y aqu\u00ed es igual. Ya inicia esta aventura nueva y contento, es algo que voy a recordar siempre\u00bb, dijo Verde tras la pelea.<\/p>\n\n\n\n<p>Desde el inicio de la pelea, Verde se abalanz\u00f3 sobre Polina, a quien lo mand\u00f3 en dos ocasiones a la lona, la primera con un golpe al h\u00edgado y la segunda con un impacto al rostro, y cuando lo estaba castigando con varios golpes y lo ten\u00eda sobre las cuerdas, el referi intervino para detener el combate y decretar el nocaut.<\/p>\n\n\n\n<p>De esta manera, el&nbsp;<strong>boxeador de 23 a\u00f1os&nbsp;<\/strong>registr\u00f3 su primer nocaut a nivel profesional, mientras que Polina se qued\u00f3 con cuatro triunfos, cinco empates y cuatro derrotas.<\/p>\n\n\n\n<p>\u00abAhora a seguir, dos peleas m\u00e1s es lo que esperamos este a\u00f1o, y si se puede una tercera, pero todo con calma, a seguirnos preparando y relajarnos, no salimos da\u00f1ados, simplemente seguir entrenando\u00bb, agreg\u00f3 Verde.<\/p>\n\n\n\n<p><\/p>\n","protected":false},"excerpt":{"rendered":"<p>El boxeador mexicano&nbsp;Marco Verde, quien gan\u00f3 la&nbsp;medalla de plata en los Juegos Ol\u00edmpicos de Par\u00eds 2024, debut\u00f3 el s\u00e1bado como profesional con un triunfo al derrotar con nocaut t\u00e9cnico a Michel \u00abEl \u00c1guila\u00bb Polina. Verde derrib\u00f3 a su contrincante en el primer round de la pelea que se disput\u00f3 en la ANB&nbsp;Arena de Arabia Saudita [&hellip;]<\/p>\n","protected":false},"author":2,"featured_media":140608,"comment_status":"open","ping_status":"open","sticky":false,"template":"","format":"standard","meta":{"footnotes":""},"categories":[7],"tags":[],"class_list":["post-140607","post","type-post","status-publish","format-standard","has-post-thumbnail","hentry","category-deportes"],"_links":{"self":[{"href":"http:\/\/elcuartopoder.com.mx\/nw\/wp-json\/wp\/v2\/posts\/140607","targetHints":{"allow":["GET"]}}],"collection":[{"href":"http:\/\/elcuartopoder.com.mx\/nw\/wp-json\/wp\/v2\/posts"}],"about":[{"href":"http:\/\/elcuartopoder.com.mx\/nw\/wp-json\/wp\/v2\/types\/post"}],"author":[{"embeddable":true,"href":"http:\/\/elcuartopoder.com.mx\/nw\/wp-json\/wp\/v2\/users\/2"}],"replies":[{"embeddable":true,"href":"http:\/\/elcuartopoder.com.mx\/nw\/wp-json\/wp\/v2\/comments?post=140607"}],"version-history":[{"count":1,"href":"http:\/\/elcuartopoder.com.mx\/nw\/wp-json\/wp\/v2\/posts\/140607\/revisions"}],"predecessor-version":[{"id":140609,"href":"http:\/\/elcuartopoder.com.mx\/nw\/wp-json\/wp\/v2\/posts\/140607\/revisions\/140609"}],"wp:featuredmedia":[{"embeddable":true,"href":"http:\/\/elcuartopoder.com.mx\/nw\/wp-json\/wp\/v2\/media\/140608"}],"wp:attachment":[{"href":"http:\/\/elcuartopoder.com.mx\/nw\/wp-json\/wp\/v2\/media?parent=140607"}],"wp:term":[{"taxonomy":"category","embeddable":true,"href":"http:\/\/elcuartopoder.com.mx\/nw\/wp-json\/wp\/v2\/categories?post=140607"},{"taxonomy":"post_tag","embeddable":true,"href":"http:\/\/elcuartopoder.com.mx\/nw\/wp-json\/wp\/v2\/tags?post=140607"}],"curies":[{"name":"wp","href":"https:\/\/api.w.org\/{rel}","templated":true}]}}