{"id":140636,"date":"2025-05-06T10:05:45","date_gmt":"2025-05-06T15:05:45","guid":{"rendered":"https:\/\/elcuartopoder.com.mx\/nw\/?p=140636"},"modified":"2025-05-06T10:05:47","modified_gmt":"2025-05-06T15:05:47","slug":"la-musica-debe-ser-un-refugio-no-objetivo-de-odio-lady-gaga","status":"publish","type":"post","link":"http:\/\/elcuartopoder.com.mx\/nw\/entretenimiento\/espectaculos\/la-musica-debe-ser-un-refugio-no-objetivo-de-odio-lady-gaga\/","title":{"rendered":"\u00abLa m\u00fasica debe ser un refugio, no objetivo de odio\u00bb: Lady Gaga"},"content":{"rendered":"\n<p><em>Madrid.&nbsp;<\/em>Lady Gaga ha roto su silencio tras el fallido atentado que iba a ser perpetrado durante su multitudinario concierto gratuito en la playa de Copacabana, R\u00edo de Janeiro. La artista, que congreg\u00f3 a m\u00e1s de dos millones y medio de personas en el que ya es el mayor show de su carrera, expres\u00f3 su consternaci\u00f3n y su mensaje de apoyo a las comunidades amenazadas, en especial al colectivo LGBT+, uno de los principales objetivos del plan frustrado por la polic\u00eda brasile\u00f1a.<\/p>\n\n\n\n<p>En un comunicado difundido por su equipo, Gaga asegur\u00f3 que solo tuvo conocimiento de la amenaza a trav\u00e9s de los medios, una vez finalizado el evento. \u00abNos enteramos de esta presunta amenaza a trav\u00e9s de los medios esta ma\u00f1ana\u00bb, declar\u00f3 un portavoz de la artista subrayando que durante la preparaci\u00f3n y celebraci\u00f3n del concierto no existi\u00f3 ninguna alerta de seguridad comunicada por las autoridades locales.<\/p>\n\n\n\n<p>\u00abAntes y durante el concierto, no se conoc\u00edan problemas de seguridad, ni la polic\u00eda ni las autoridades informaron a Lady Gaga sobre posibles riesgos\u00bb, se\u00f1al\u00f3 un portavoz en un comunicado recogido por&nbsp;<em>The Hollywood Reporter<\/em>.<\/p>\n\n\n\n<p>Lady Gaga, conocida por su activismo y su defensa de la diversidad, lament\u00f3 profundamente que la m\u00fasica y la celebraci\u00f3n fueran amenazadas por el odio. \u00abLa m\u00fasica debe ser un refugio, no un objetivo de odio\u00bb, expres\u00f3 la artista a trav\u00e9s de sus redes sociales donde tambi\u00e9n agradeci\u00f3 la labor de las fuerzas de seguridad y reiter\u00f3 su compromiso con la inclusi\u00f3n y la libertad de expresi\u00f3n. \u00abMi coraz\u00f3n est\u00e1 con todos los que se sintieron vulnerables o asustados. Seguiremos luchando juntos por el amor y la igualdad\u00bb, a\u00f1adi\u00f3.<\/p>\n\n\n\n<p>La artista concluy\u00f3 su mensaje reafirmando la importancia de la m\u00fasica como espacio seguro y de encuentro: \u00abNada podr\u00e1 apagar la luz de quienes creen en un mundo mejor. Gracias, Brasil, por demostrar que el amor siempre es m\u00e1s fuerte que el miedo\u00bb.<\/p>\n\n\n\n<p>La polic\u00eda de R\u00edo de Janeiro confirm\u00f3 la detenci\u00f3n de dos personas, entre ellas el presunto cabecilla de la trama y un adolescente, acusados de planear ataques con explosivos caseros y c\u00f3cteles molotov. El atentado buscaba notoriedad en redes sociales mediante la radicalizaci\u00f3n de j\u00f3venes y la difusi\u00f3n de discursos de odio.<\/p>\n\n\n\n<p>En un comunicado publicado en su cuenta de la red social X, la Polic\u00eda brasile\u00f1a confirma dos detenidos y la desarticulaci\u00f3n de la trama: \u00abLos implicados fueron identificados como personas que reclutaban virtualmente a participantes para realizar ataques utilizando explosivos improvisados y c\u00f3cteles molotov para ganar notoriedad en las redes sociales\u00bb.<\/p>\n\n\n\n<p>El operativo de seguridad desplegado para el concierto fue uno de los mayores de la historia reciente en Brasil, con m\u00e1s de cinco mil agentes y sistemas de vigilancia. Sin embargo, las autoridades optaron por mantener en secreto el atentado fallido para evitar el p\u00e1nico entre los asistentes y garantizar el desarrollo pac\u00edfico del evento.<\/p>\n","protected":false},"excerpt":{"rendered":"<p>Madrid.&nbsp;Lady Gaga ha roto su silencio tras el fallido atentado que iba a ser perpetrado durante su multitudinario concierto gratuito en la playa de Copacabana, R\u00edo de Janeiro. La artista, que congreg\u00f3 a m\u00e1s de dos millones y medio de personas en el que ya es el mayor show de su carrera, expres\u00f3 su consternaci\u00f3n [&hellip;]<\/p>\n","protected":false},"author":2,"featured_media":140637,"comment_status":"open","ping_status":"open","sticky":false,"template":"","format":"standard","meta":{"footnotes":""},"categories":[11],"tags":[],"class_list":["post-140636","post","type-post","status-publish","format-standard","has-post-thumbnail","hentry","category-espectaculos"],"_links":{"self":[{"href":"http:\/\/elcuartopoder.com.mx\/nw\/wp-json\/wp\/v2\/posts\/140636","targetHints":{"allow":["GET"]}}],"collection":[{"href":"http:\/\/elcuartopoder.com.mx\/nw\/wp-json\/wp\/v2\/posts"}],"about":[{"href":"http:\/\/elcuartopoder.com.mx\/nw\/wp-json\/wp\/v2\/types\/post"}],"author":[{"embeddable":true,"href":"http:\/\/elcuartopoder.com.mx\/nw\/wp-json\/wp\/v2\/users\/2"}],"replies":[{"embeddable":true,"href":"http:\/\/elcuartopoder.com.mx\/nw\/wp-json\/wp\/v2\/comments?post=140636"}],"version-history":[{"count":1,"href":"http:\/\/elcuartopoder.com.mx\/nw\/wp-json\/wp\/v2\/posts\/140636\/revisions"}],"predecessor-version":[{"id":140638,"href":"http:\/\/elcuartopoder.com.mx\/nw\/wp-json\/wp\/v2\/posts\/140636\/revisions\/140638"}],"wp:featuredmedia":[{"embeddable":true,"href":"http:\/\/elcuartopoder.com.mx\/nw\/wp-json\/wp\/v2\/media\/140637"}],"wp:attachment":[{"href":"http:\/\/elcuartopoder.com.mx\/nw\/wp-json\/wp\/v2\/media?parent=140636"}],"wp:term":[{"taxonomy":"category","embeddable":true,"href":"http:\/\/elcuartopoder.com.mx\/nw\/wp-json\/wp\/v2\/categories?post=140636"},{"taxonomy":"post_tag","embeddable":true,"href":"http:\/\/elcuartopoder.com.mx\/nw\/wp-json\/wp\/v2\/tags?post=140636"}],"curies":[{"name":"wp","href":"https:\/\/api.w.org\/{rel}","templated":true}]}}