{"id":140648,"date":"2025-05-06T10:12:45","date_gmt":"2025-05-06T15:12:45","guid":{"rendered":"https:\/\/elcuartopoder.com.mx\/nw\/?p=140648"},"modified":"2025-05-06T10:12:47","modified_gmt":"2025-05-06T15:12:47","slug":"cancun-activa-fichas-de-busqueda-por-desaparicion-de-dos-hermanos","status":"publish","type":"post","link":"http:\/\/elcuartopoder.com.mx\/nw\/policiacas\/cancun-activa-fichas-de-busqueda-por-desaparicion-de-dos-hermanos\/","title":{"rendered":"Canc\u00fan activa fichas de b\u00fasqueda por desaparici\u00f3n de dos hermanos"},"content":{"rendered":"\n<p>Las autoridades de Canc\u00fan emitieron fichas oficiales de b\u00fasqueda para localizar a los hermanos \u00c1ngel Daniel y Mario Bernardez Su\u00e1rez, dos menores de edad reportados como desaparecidos desde el s\u00e1bado 3 de mayo de 2025.<\/p>\n\n\n\n<p>De acuerdo con los reportes presentados ante la Fiscal\u00eda General del Estado (FGE) de Quintana Roo, la denuncia formal fue interpuesta el 5 de mayo por familiares de los menores, quienes se\u00f1alaron que ambos fueron vistos por \u00faltima vez en Canc\u00fan, sin que hasta el momento se tengan indicios claros sobre su paradero.<\/p>\n\n\n\n<p>\u00c1ngel Daniel Bernardez Su\u00e1rez, de 14 a\u00f1os de edad, tiene tez morena, complexi\u00f3n delgada, cabello corto, negro y lacio, y ojos medianos de color caf\u00e9 oscuro. Mide aproximadamente 1.50 metros. No se reportan se\u00f1as particulares.<\/p>\n\n\n\n<p>Al momento de su desaparici\u00f3n, vest\u00eda una playera negra con un estampado de Goku, un short de color naranja y sandalias.<\/p>\n\n\n\n<p>Su hermano menor, Mario Bernardez Su\u00e1rez, de 9 a\u00f1os, tambi\u00e9n presenta tez morena y cabello corto, negro y lacio. Tiene complexi\u00f3n robusta, ojos caf\u00e9 oscuro y una estatura aproximada de un metro. Tampoco se detallan se\u00f1as particulares.<\/p>\n\n\n\n<p>Al momento de su desaparici\u00f3n vest\u00eda playera de color negro con estampado, short de color verde y sandalias.<\/p>\n\n\n\n<p>Las autoridades han hecho un llamado urgente a la ciudadan\u00eda para proporcionar cualquier informaci\u00f3n que pueda contribuir a localizar a los menores. La colaboraci\u00f3n ciudadana es fundamental en las primeras horas tras una desaparici\u00f3n, especialmente cuando se trata de ni\u00f1os.<\/p>\n\n\n\n<p>Cualquier dato puede ser reportado de forma an\u00f3nima a las l\u00edneas de emergencia o directamente a los canales de la Fiscal\u00eda estatal. Se recomienda no difundir informaci\u00f3n no verificada y evitar especulaciones que puedan entorpecer la investigaci\u00f3n.<\/p>\n\n\n\n<p>Con informaci\u00f3n de la Fiscal\u00eda General del Estado de Quintana Roo<\/p>\n","protected":false},"excerpt":{"rendered":"<p>Las autoridades de Canc\u00fan emitieron fichas oficiales de b\u00fasqueda para localizar a los hermanos \u00c1ngel Daniel y Mario Bernardez Su\u00e1rez, dos menores de edad reportados como desaparecidos desde el s\u00e1bado 3 de mayo de 2025. De acuerdo con los reportes presentados ante la Fiscal\u00eda General del Estado (FGE) de Quintana Roo, la denuncia formal fue [&hellip;]<\/p>\n","protected":false},"author":2,"featured_media":140649,"comment_status":"open","ping_status":"open","sticky":false,"template":"","format":"standard","meta":{"footnotes":""},"categories":[23],"tags":[],"class_list":["post-140648","post","type-post","status-publish","format-standard","has-post-thumbnail","hentry","category-policiacas"],"_links":{"self":[{"href":"http:\/\/elcuartopoder.com.mx\/nw\/wp-json\/wp\/v2\/posts\/140648","targetHints":{"allow":["GET"]}}],"collection":[{"href":"http:\/\/elcuartopoder.com.mx\/nw\/wp-json\/wp\/v2\/posts"}],"about":[{"href":"http:\/\/elcuartopoder.com.mx\/nw\/wp-json\/wp\/v2\/types\/post"}],"author":[{"embeddable":true,"href":"http:\/\/elcuartopoder.com.mx\/nw\/wp-json\/wp\/v2\/users\/2"}],"replies":[{"embeddable":true,"href":"http:\/\/elcuartopoder.com.mx\/nw\/wp-json\/wp\/v2\/comments?post=140648"}],"version-history":[{"count":1,"href":"http:\/\/elcuartopoder.com.mx\/nw\/wp-json\/wp\/v2\/posts\/140648\/revisions"}],"predecessor-version":[{"id":140650,"href":"http:\/\/elcuartopoder.com.mx\/nw\/wp-json\/wp\/v2\/posts\/140648\/revisions\/140650"}],"wp:featuredmedia":[{"embeddable":true,"href":"http:\/\/elcuartopoder.com.mx\/nw\/wp-json\/wp\/v2\/media\/140649"}],"wp:attachment":[{"href":"http:\/\/elcuartopoder.com.mx\/nw\/wp-json\/wp\/v2\/media?parent=140648"}],"wp:term":[{"taxonomy":"category","embeddable":true,"href":"http:\/\/elcuartopoder.com.mx\/nw\/wp-json\/wp\/v2\/categories?post=140648"},{"taxonomy":"post_tag","embeddable":true,"href":"http:\/\/elcuartopoder.com.mx\/nw\/wp-json\/wp\/v2\/tags?post=140648"}],"curies":[{"name":"wp","href":"https:\/\/api.w.org\/{rel}","templated":true}]}}