{"id":140651,"date":"2025-05-06T11:03:40","date_gmt":"2025-05-06T16:03:40","guid":{"rendered":"https:\/\/elcuartopoder.com.mx\/nw\/?p=140651"},"modified":"2025-05-06T11:03:41","modified_gmt":"2025-05-06T16:03:41","slug":"hay-masacres-no-incineracion","status":"publish","type":"post","link":"http:\/\/elcuartopoder.com.mx\/nw\/nacionales\/hay-masacres-no-incineracion\/","title":{"rendered":"Hay masacres, no incineraci\u00f3n"},"content":{"rendered":"\n<p>El Rancho Izaguirre no fue un centro de exterminio, como aseguraron colectivos de familias buscadoras que ingresaron al recinto hace unas semanas, desatando un esc\u00e1ndalo nacional e internacional. Esta afirmaci\u00f3n fue hecha esta semana por el reservado fiscal general de la Rep\u00fablica, Alejandro Gertz Manero, en una extra\u00f1a conferencia de prensa donde proporcion\u00f3 relativamente poca informaci\u00f3n, m\u00e1s all\u00e1 de asegurar que no hab\u00eda indicios de que en Teuchitl\u00e1n, Jalisco, existiera un campo de exterminio.<\/p>\n\n\n\n<p>Este anuncio, como era de esperarse, enfureci\u00f3 a los colectivos de personas desaparecidas, quienes se sintieron traicionados no solo por la fiscal\u00eda, sino tambi\u00e9n por Claudia Sheinbaum. En las \u00faltimas semanas, el Gobierno de M\u00e9xico hab\u00eda establecido un acercamiento importante con las familias de las v\u00edctimas, poniendo fin a la estrategia de \u201cabrazos, no balazos\u201d, que parec\u00eda implicar la descalificaci\u00f3n de los familiares de los desaparecidos. De hecho, el expresidente Andr\u00e9s Manuel L\u00f3pez Obrador lleg\u00f3 a acusarlos de ser parte de la oposici\u00f3n.<\/p>\n\n\n\n<p>Obviamente, la acusaci\u00f3n de que en M\u00e9xico existen centros de exterminio gener\u00f3 una reacci\u00f3n en\u00e9rgica e hizo urgente que un funcionario respondiera para contrarrestar esas afirmaciones.<\/p>\n\n\n\n<p>Es cierto que el fiscal general de la Rep\u00fablica ten\u00eda raz\u00f3n en un aspecto: hay pocas pruebas jur\u00eddicas que comprueben que se estaban incinerando reclutas en el rancho. Sin embargo, Gertz Manero tampoco pudo negar que en ese lugar se asesinaban personas.<\/p>\n\n\n\n<p>M\u00e1s all\u00e1 de una cuesti\u00f3n sem\u00e1ntica, lo que generaba un gran malestar en la Presidencia eran los titulares nacionales e internacionales que enfatizaban la existencia de campos de exterminio en M\u00e9xico. Era imprescindible contradecir esa narrativa. Por ello, la conferencia de prensa de Gertz, que proporcion\u00f3 poca informaci\u00f3n, ten\u00eda un objetivo claro: asegurar que, al menos en el caso del Rancho Izaguirre, no hab\u00eda evidencia de que fuera un campo de exterminio ni de que se hubieran incinerado personas. La urgencia de las declaraciones buscaba, en definitiva, proteger temporalmente la imagen del pa\u00eds ante la comunidad internacional.<\/p>\n\n\n\n<p>Tras las declaraciones del fiscal general, el presidente del Senado, Gerardo Fern\u00e1ndez Noro\u00f1a, no tard\u00f3 en afirmar que \u00e9l ya sab\u00eda que se trataba de un centro de entrenamiento, no de exterminio. Aprovech\u00f3, adem\u00e1s, para criticar a los medios de comunicaci\u00f3n por no investigar adecuadamente la informaci\u00f3n y los hallazgos presentados por las familias buscadoras.<\/p>\n\n\n\n<p>La gran pregunta que seguramente se har\u00e1n los colectivos es si la presidenta Claudia Sheinbaum realmente tiene la voluntad pol\u00edtica de enfrentar la tragedia de las desapariciones en M\u00e9xico o si, como su predecesor, intentar\u00e1 minimizar su impacto, cuestionando u ocultando los datos sobre este fen\u00f3meno. Sobre todo, si buscar\u00e1 invisibilizar nuevamente a los desaparecidos, especialmente ante coyunturas clave del pr\u00f3ximo a\u00f1o, como la renegociaci\u00f3n del T-MEC y el Mundial de Futbol.<\/p>\n\n\n\n<p>Seguramente, la violencia y el problema de los desaparecidos generar\u00e1n cuestionamientos en la negociaci\u00f3n del tratado comercial y sobre la viabilidad de llevar a cabo el Mundial en el pa\u00eds.<\/p>\n\n\n\n<p>Es importante reconocer que el fiscal Gertz Manero s\u00ed proporcion\u00f3 algunos datos interesantes, aunque frustrantes, en su conferencia de prensa. Desde 2021, la FGR ten\u00eda indicios de que, en esa regi\u00f3n de Jalisco, particularmente en el Rancho Izaguirre, hab\u00eda reclutamiento forzado y asesinatos, con la probable participaci\u00f3n de funcionarios locales coludidos con organizaciones criminales.<\/p>\n\n\n\n<p>Sin embargo, la informaci\u00f3n era escasa. No se ten\u00eda claridad sobre el n\u00famero de personas reclutadas forzosamente, cu\u00e1ntas hab\u00edan sido asesinadas, cu\u00e1ntas estaban reportadas como desaparecidas, ni cu\u00e1ntos funcionarios locales podr\u00edan estar involucrados en estas actividades.<\/p>\n\n\n\n<p>Gertz Manero ofreci\u00f3 trabajar de manera m\u00e1s cercana con las familias de los desaparecidos, aunque no present\u00f3 una estrategia concreta a largo plazo. Adem\u00e1s, asegur\u00f3 varias veces que la fiscal\u00eda tiene limitaciones en materia de desapariciones: \u201cPor mandato constitucional, no puede realizar pesquisas. Las funciones de investigaci\u00f3n para la prevenci\u00f3n del delito o para presentar denuncias corresponden a las autoridades de prevenci\u00f3n del delito\u201d.<\/p>\n\n\n\n<p>En la conferencia de prensa tambi\u00e9n qued\u00f3 en evidencia la falta de coordinaci\u00f3n entre la Secretar\u00eda de Seguridad P\u00fablica, la Guardia Nacional y la Secretar\u00eda de Gobernaci\u00f3n.<\/p>\n\n\n\n<p>Urge no solo una legislaci\u00f3n que brinde m\u00e1s apoyo a las familias de las v\u00edctimas, sino tambi\u00e9n un proceso de coordinaci\u00f3n con requerimientos de reportes mensuales sobre cifras y resultados en la contenci\u00f3n de las organizaciones criminales que reclutan y desaparecen personas.<\/p>\n\n\n\n<p>Alguien debe asumir la responsabilidad pol\u00edtica. Y claramente, ese alguien no puede ser el fiscal Gertz Manero.<\/p>\n\n\n\n<p><\/p>\n","protected":false},"excerpt":{"rendered":"<p>El Rancho Izaguirre no fue un centro de exterminio, como aseguraron colectivos de familias buscadoras que ingresaron al recinto hace unas semanas, desatando un esc\u00e1ndalo nacional e internacional. Esta afirmaci\u00f3n fue hecha esta semana por el reservado fiscal general de la Rep\u00fablica, Alejandro Gertz Manero, en una extra\u00f1a conferencia de prensa donde proporcion\u00f3 relativamente poca [&hellip;]<\/p>\n","protected":false},"author":2,"featured_media":140652,"comment_status":"open","ping_status":"open","sticky":false,"template":"","format":"standard","meta":{"footnotes":""},"categories":[55],"tags":[],"class_list":["post-140651","post","type-post","status-publish","format-standard","has-post-thumbnail","hentry","category-nacionales"],"_links":{"self":[{"href":"http:\/\/elcuartopoder.com.mx\/nw\/wp-json\/wp\/v2\/posts\/140651","targetHints":{"allow":["GET"]}}],"collection":[{"href":"http:\/\/elcuartopoder.com.mx\/nw\/wp-json\/wp\/v2\/posts"}],"about":[{"href":"http:\/\/elcuartopoder.com.mx\/nw\/wp-json\/wp\/v2\/types\/post"}],"author":[{"embeddable":true,"href":"http:\/\/elcuartopoder.com.mx\/nw\/wp-json\/wp\/v2\/users\/2"}],"replies":[{"embeddable":true,"href":"http:\/\/elcuartopoder.com.mx\/nw\/wp-json\/wp\/v2\/comments?post=140651"}],"version-history":[{"count":1,"href":"http:\/\/elcuartopoder.com.mx\/nw\/wp-json\/wp\/v2\/posts\/140651\/revisions"}],"predecessor-version":[{"id":140653,"href":"http:\/\/elcuartopoder.com.mx\/nw\/wp-json\/wp\/v2\/posts\/140651\/revisions\/140653"}],"wp:featuredmedia":[{"embeddable":true,"href":"http:\/\/elcuartopoder.com.mx\/nw\/wp-json\/wp\/v2\/media\/140652"}],"wp:attachment":[{"href":"http:\/\/elcuartopoder.com.mx\/nw\/wp-json\/wp\/v2\/media?parent=140651"}],"wp:term":[{"taxonomy":"category","embeddable":true,"href":"http:\/\/elcuartopoder.com.mx\/nw\/wp-json\/wp\/v2\/categories?post=140651"},{"taxonomy":"post_tag","embeddable":true,"href":"http:\/\/elcuartopoder.com.mx\/nw\/wp-json\/wp\/v2\/tags?post=140651"}],"curies":[{"name":"wp","href":"https:\/\/api.w.org\/{rel}","templated":true}]}}