{"id":140657,"date":"2025-05-06T11:07:42","date_gmt":"2025-05-06T16:07:42","guid":{"rendered":"https:\/\/elcuartopoder.com.mx\/nw\/?p=140657"},"modified":"2025-05-06T11:07:44","modified_gmt":"2025-05-06T16:07:44","slug":"por-que-cultivar-la-gratitud-es-un-camino-directo-hacia-el-bienestar-emocional","status":"publish","type":"post","link":"http:\/\/elcuartopoder.com.mx\/nw\/qtp\/por-que-cultivar-la-gratitud-es-un-camino-directo-hacia-el-bienestar-emocional\/","title":{"rendered":"Por qu\u00e9 cultivar la gratitud es un camino directo hacia el bienestar emocional"},"content":{"rendered":"\n<p>En nuestro d\u00eda a d\u00eda, vivimos tan apresurados, tan en&nbsp;<strong>piloto autom\u00e1tico<\/strong>, que tendemos a dar las cosas por sentadas. \u00bfCu\u00e1ndo fue la \u00faltima vez que detuviste el ritmo fren\u00e9tico de tu d\u00eda para dar gracias por lo que tienes? Sentirse agradecido por algo que recibimos, conseguimos o poseemos es algo natural en el ser humano. Sin embargo, \u00bfcomprendemos realmente el poder que tiene esta emoci\u00f3n en nuestras vidas? Para entender su influencia, exploraremos su&nbsp;<strong>origen<\/strong>,&nbsp;<strong>prop\u00f3sito<\/strong>&nbsp;y&nbsp;<strong>c\u00f3mo cultivarla<\/strong>&nbsp;de manera saludable.<\/p>\n\n\n\n<p>Seg\u00fan psic\u00f3logos como Robert Emmons y Philip Watkins, la&nbsp;<strong>gratitud<\/strong>&nbsp;se desarrolla en la infancia como una respuesta a los beneficios que otros nos brindan, vincul\u00e1ndose a una sensaci\u00f3n de&nbsp;<strong>conexi\u00f3n<\/strong>&nbsp;y&nbsp;<strong>reciprocidad<\/strong>. Este proceso es esencial para nuestro bienestar emocional y social, ya que fomenta una<strong>&nbsp;actitud positiva<\/strong>&nbsp;y&nbsp;<strong>fortalece las relaciones interpersonales<\/strong>&nbsp;(Watkins et al., 2003).<\/p>\n\n\n\n<p>La forma de expresar y recibir esa gratitud est\u00e1 profundamente influida por factores como el contexto social y la educaci\u00f3n. Como explic\u00f3 el psic\u00f3logo John Bowlby, las experiencias tempranas de v\u00ednculo y cuidado influyen mucho en c\u00f3mo valoramos las acciones de los dem\u00e1s y a las cosas que les damos importancia (Bowlby, 1988).<\/p>\n\n\n\n<p>Asimismo, la&nbsp;<strong>cultura<\/strong>&nbsp;juega un papel clave. En sociedades colectivistas como India, la gratitud se refleja en actos que buscan<strong>&nbsp;devolver favores<\/strong>&nbsp;y&nbsp;<strong>mantener el equilibrio en las relaciones<\/strong>. En cambio, en sociedades individualistas como Estados Unidos, se valora m\u00e1s como una expresi\u00f3n de autonom\u00eda y \u00e9xito personal.<\/p>\n\n\n\n<h3 class=\"wp-block-heading\">Qu\u00e9 es la gratitud<\/h3>\n\n\n\n<p>La gratitud se ha definido de muchas maneras. Como emoci\u00f3n, es una sensaci\u00f3n de agradecimiento y alegr\u00eda en respuesta a haber recibido un&nbsp;<strong>regalo<\/strong>, ya sea f\u00edsico o intangible, de una persona espec\u00edfica o como resultado de un beneficio abstracto, como<strong>&nbsp;sentirse afortunado<\/strong>&nbsp;por haber experimentado un determinado momento, por una situaci\u00f3n vital presente, pasada o por el mero hecho de estar vivo (Fitzgerald, 1998; Peterson y Seligman, 2004; Emmons, 2007).<\/p>\n\n\n\n<p>Desde la psicolog\u00eda positiva, tambi\u00e9n se considera una&nbsp;<strong>fortaleza<\/strong>&nbsp;que puede entrenarse para ayudarnos a enfocarnos en lo positivo, mejorar nuestro bienestar emocional y fortalecer las conexiones sociales.<\/p>\n\n\n\n<p>Incluso en momentos dif\u00edciles, en donde todo lo vemos negro y sin soluci\u00f3n, la gratitud puede desempe\u00f1ar un papel&nbsp;<strong>transformador<\/strong>. Seg\u00fan Robert Emmons, en los momentos m\u00e1s duros tambi\u00e9n podemos encontrar razones para estar agradecidos, como el&nbsp;<strong>apoyo de los dem\u00e1s<\/strong>&nbsp;o las lecciones que aprendemos de la experiencia (Emmons &amp; McCullough, 2003). Practicar la gratitud en tiempos dif\u00edciles no significa ignorar el sufrimiento, sino reconocer lo que podemos a\u00fan valorar en medio de la adversidad, permiti\u00e9ndonos coger fuerzas para enfrentar lo que se avecina.<\/p>\n\n\n\n<p>Cultivar la gratitud implica un&nbsp;<strong>esfuerzo diario<\/strong>. Una forma de hacerlo es a trav\u00e9s de un&nbsp;<a href=\"https:\/\/www.abc.es\/bienestar\/psicologia-sexo\/psicologia\/crear-diario-gratitud-mejora-vida-convertir-dar-20241017175901-nt.html\">diario de gratitud<\/a>&nbsp;en el que anotemos las cosas por las que estamos agradecidos cada d\u00eda (Wood et al., 2010). Esto nos permite ver aunque sea un peque\u00f1o rayo de luz en los d\u00edas m\u00e1s grises.<\/p>\n\n\n\n<p>Tambi\u00e9n es fundamental expresar nuestra gratitud a los dem\u00e1s, ya sea mediante palabras o acciones, como escribir una&nbsp;<strong>carta de gratitud<\/strong>. Los estudios han demostrado que expresar gratitud no solo beneficia a quien la recibe, sino que tambi\u00e9n mejora nuestra propia salud mental y felicidad (Watkins et al., 2003; Algoe, 2012).<\/p>\n\n\n\n<p>En conclusi\u00f3n, cultivar la gratitud en nuestro d\u00eda a d\u00eda puede tener un impacto significativo en nuestro bienestar emocional y, en los momentos m\u00e1s complejos, ayudarnos a afrontarlos con una perspectiva m\u00e1s amplia, enfoc\u00e1ndonos en lo que realmente es importante para nosotros.<\/p>\n\n\n\n<p><\/p>\n","protected":false},"excerpt":{"rendered":"<p>En nuestro d\u00eda a d\u00eda, vivimos tan apresurados, tan en&nbsp;piloto autom\u00e1tico, que tendemos a dar las cosas por sentadas. \u00bfCu\u00e1ndo fue la \u00faltima vez que detuviste el ritmo fren\u00e9tico de tu d\u00eda para dar gracias por lo que tienes? Sentirse agradecido por algo que recibimos, conseguimos o poseemos es algo natural en el ser humano. [&hellip;]<\/p>\n","protected":false},"author":2,"featured_media":140658,"comment_status":"open","ping_status":"open","sticky":false,"template":"","format":"standard","meta":{"footnotes":""},"categories":[58],"tags":[],"class_list":["post-140657","post","type-post","status-publish","format-standard","has-post-thumbnail","hentry","category-qtp"],"_links":{"self":[{"href":"http:\/\/elcuartopoder.com.mx\/nw\/wp-json\/wp\/v2\/posts\/140657","targetHints":{"allow":["GET"]}}],"collection":[{"href":"http:\/\/elcuartopoder.com.mx\/nw\/wp-json\/wp\/v2\/posts"}],"about":[{"href":"http:\/\/elcuartopoder.com.mx\/nw\/wp-json\/wp\/v2\/types\/post"}],"author":[{"embeddable":true,"href":"http:\/\/elcuartopoder.com.mx\/nw\/wp-json\/wp\/v2\/users\/2"}],"replies":[{"embeddable":true,"href":"http:\/\/elcuartopoder.com.mx\/nw\/wp-json\/wp\/v2\/comments?post=140657"}],"version-history":[{"count":1,"href":"http:\/\/elcuartopoder.com.mx\/nw\/wp-json\/wp\/v2\/posts\/140657\/revisions"}],"predecessor-version":[{"id":140659,"href":"http:\/\/elcuartopoder.com.mx\/nw\/wp-json\/wp\/v2\/posts\/140657\/revisions\/140659"}],"wp:featuredmedia":[{"embeddable":true,"href":"http:\/\/elcuartopoder.com.mx\/nw\/wp-json\/wp\/v2\/media\/140658"}],"wp:attachment":[{"href":"http:\/\/elcuartopoder.com.mx\/nw\/wp-json\/wp\/v2\/media?parent=140657"}],"wp:term":[{"taxonomy":"category","embeddable":true,"href":"http:\/\/elcuartopoder.com.mx\/nw\/wp-json\/wp\/v2\/categories?post=140657"},{"taxonomy":"post_tag","embeddable":true,"href":"http:\/\/elcuartopoder.com.mx\/nw\/wp-json\/wp\/v2\/tags?post=140657"}],"curies":[{"name":"wp","href":"https:\/\/api.w.org\/{rel}","templated":true}]}}