{"id":140663,"date":"2025-05-06T11:10:43","date_gmt":"2025-05-06T16:10:43","guid":{"rendered":"https:\/\/elcuartopoder.com.mx\/nw\/?p=140663"},"modified":"2025-05-06T11:10:44","modified_gmt":"2025-05-06T16:10:44","slug":"el-castillo-de-mey-en-escocia-de-la-reina-madre-peligra-por-culpa-de-un-proyecto-energetico","status":"publish","type":"post","link":"http:\/\/elcuartopoder.com.mx\/nw\/internacionales\/el-castillo-de-mey-en-escocia-de-la-reina-madre-peligra-por-culpa-de-un-proyecto-energetico\/","title":{"rendered":"El castillo de Mey en Escocia de la Reina Madre peligra por culpa de un proyecto energ\u00e9tico"},"content":{"rendered":"\n<p>El Castillo de Mey una residencia cargada de historia en el norte de Escocia y restaurada personalmente por la\u00a0Reina Madre\u00a0tras la muerte del Rey Jorge VI, se encuentra en el centro de una controversia debido a un\u00a0<strong>proyecto de almacenamiento de energ\u00eda propuesto por la empresa Simec Atlantis Energy<\/strong>. La iniciativa contempla instalar m\u00e1s de 300 bater\u00edas en un terreno de m\u00e1s de diez hect\u00e1reas ubicado a poco m\u00e1s de tres kil\u00f3metros de este s\u00edmbolo real, lo que ha despertado una ola de rechazo por parte de las autoridades locales y de la comunidad.<\/p>\n\n\n\n<p>El proyecto de almacenamiento contempla la instalaci\u00f3n de estas unidades de bater\u00edas en contenedores,<strong>&nbsp;con una capacidad total de hasta 300 megavatios<\/strong>. Aunque los documentos oficiales no especifican el tipo exacto de bater\u00edas, es probable que sean de ion de litio, la tecnolog\u00eda m\u00e1s com\u00fan en este tipo de instalaciones por su eficiencia y capacidad de respuesta. Estas bater\u00edas est\u00e1n dise\u00f1adas para operar en sistemas de media tensi\u00f3n, lo que permite integrarlas eficazmente en la red el\u00e9ctrica para estabilizar la carga y facilitar el uso de energ\u00edas renovables. Sin embargo, la cercan\u00eda del proyecto a la residencia del siglo XVI restaurada por la Reina Madre ha generado una fuerte oposici\u00f3n de quienes est\u00e1n preocupados por el impacto visual y patrimonial de la infraestructura energ\u00e9tica.<\/p>\n\n\n\n<p>Desde que la Reina Madre descubri\u00f3 el castillo, entonces en ruinas y conocido como Barrogill Castle, en 1952, y decidi\u00f3 devolverle su antiguo esplendor, la propiedad ha sido un&nbsp;<strong>refugio \u00edntimo de la Familia Real<\/strong>. Ella pas\u00f3 all\u00ed muchos de sus veranos hasta 2001 y, tras su muerte en 2002, su nieto, el ahora rey Carlos III, ha mantenido viva la conexi\u00f3n con el lugar, al que acude cada verano y cuyos jardines ha seguido cuidando con la colaboraci\u00f3n de figuras como el jardinero televisivo Alan Titchmarsh, quien don\u00f3 una impresionante colecci\u00f3n de rosas.<\/p>\n\n\n\n<p>En 2018, el pr\u00edncipe Harry y Meghan Markle pasaron tiempo con Carlos en el Castillo de Mey. Como escribi\u00f3 Harry en su libro: \u00abHacia finales del verano de 2018 fuimos a Escocia, al Castillo de Mey, para pasar unos d\u00edas con pap\u00e1. El v\u00ednculo entre Meg y pap\u00e1, siempre fuerte, se hizo a\u00fan m\u00e1s fuerte durante ese fin de semana. Una noche, durante los c\u00f3cteles previos a la cena, con Fred Astaire sonando de fondo, se supo que&nbsp;<strong>Meg compart\u00eda fecha de nacimiento con la persona favorita de pap\u00e1: Gan-Gan (la abuela de Carlos)<\/strong>. El 4 de agosto. Incre\u00edble, dijo pap\u00e1 con una sonrisa. Al recordar a Gan-Gan y el v\u00ednculo entre ella y mi novia, de repente se puso optimista, contando historias que nunca hab\u00eda escuchado, b\u00e1sicamente actuando, presumiendo para Meg\u00bb.<\/p>\n\n\n\n<p>En mayo de 2019, Charles inaugur\u00f3 Granary Lodge,&nbsp;<strong>un bed and breakfast de 10 habitaciones en los terrenos del castillo<\/strong>. Un hotel sostenible que cuenta con un men\u00fa elaborado con ingredientes locales y un precio de unas 160 libras la noche. Las ganancias obtenidas se destinan al mantenimiento y funcionamiento de la finca como destino tur\u00edstico.<\/p>\n\n\n\n<figure class=\"wp-block-image\"><img decoding=\"async\" src=\"https:\/\/s1.abcstatics.com\/abc\/www\/multimedia\/gente\/2025\/05\/03\/reina-madre-U42782103556BGB-760x800@diario_abc.jpg\" alt=\"La Reina Madre frente al castillo de Mey\"\/><figcaption class=\"wp-element-caption\">La Reina Madre frente al castillo de Mey&nbsp;<strong>redes<\/strong><\/figcaption><\/figure>\n\n\n\n<h3 class=\"wp-block-heading\">\u00abMonstruo industrial\u00bb<\/h3>\n\n\n\n<p>El proyecto energ\u00e9tico propuesto es uno de los m\u00e1s grandes de Escocia. Su funci\u00f3n principal ser\u00eda almacenar el exceso de energ\u00eda e\u00f3lica y liberarla a la red nacional en momentos de alta demanda. Seg\u00fan la empresa promotora,<strong>&nbsp;el impacto en el paisaje ser\u00eda limitado, ya que las estructuras no superar\u00edan los tres metros de altura<\/strong>&nbsp;y su visibilidad ser\u00eda reducida desde las rutas principales. A pesar de estos argumentos, los concejales del consejo de Highland han expresado su firme oposici\u00f3n, alegando que una instalaci\u00f3n de estas caracter\u00edsticas comprometer\u00eda la est\u00e9tica del entorno y pondr\u00eda en riesgo el atractivo tur\u00edstico de la regi\u00f3n, incluyendo la ruta panor\u00e1mica North Coast 500.<\/p>\n\n\n\n<p>El concejal Matthew Reiss advirti\u00f3 que el emplazamiento estar\u00eda pr\u00e1cticamente en la entrada del castillo, mientras que varios residentes, como Andy Hayton, lo han calificado como un atentado contra el buc\u00f3lico paisaje. Hayton describi\u00f3 la propuesta como<strong>&nbsp;un \u00abmonstruo industrial\u00bb que desfigurar\u00eda un entorno<\/strong>&nbsp;que ha permanecido inalterado durante generaciones, y critic\u00f3 duramente el plan de mitigar el impacto visual con la plantaci\u00f3n de \u00e1rboles, al considerarlo una medida superficial.<\/p>\n\n\n\n<p>Pese a la objeci\u00f3n formal presentada por el consejo local, algunos funcionarios han advertido que esta podr\u00eda no sostenerse cuando el proyecto sea evaluado por el gobierno escoc\u00e9s, que a trav\u00e9s de su unidad de concesiones energ\u00e9ticas tiene la \u00faltima palabra sobre su aprobaci\u00f3n. El planificador del consejo, Dafydd Jones, sostuvo que el sitio no ser\u00eda especialmente prominente, lo que ha generado inquietud entre quienes temen que los argumentos en defensa del patrimonio no sean suficientes para frenar la iniciativa.<\/p>\n\n\n\n<p>Este enfrentamiento entre desarrollo energ\u00e9tico y protecci\u00f3n del paisaje patrimonial plantea una disyuntiva cada vez m\u00e1s frecuente en contextos donde la transici\u00f3n hacia energ\u00edas renovables se acelera. La necesidad de infraestructuras que acompa\u00f1en ese cambio es indiscutible, pero tambi\u00e9n lo es la responsabilidad de proteger entornos con un valor hist\u00f3rico, cultural y simb\u00f3lico incalculable. En este caso, el Castillo de Mey no representa solamente un edificio restaurado sino tambi\u00e9n un testimonio viviente del&nbsp;<strong>v\u00ednculo entre la monarqu\u00eda y el pueblo escoc\u00e9s<\/strong>, una expresi\u00f3n de memoria y continuidad en una regi\u00f3n marcada por su identidad singular.<\/p>\n\n\n\n<p>As\u00ed, la decisi\u00f3n que finalmente adopte el gobierno escoc\u00e9s marcar\u00e1 un precedente sobre c\u00f3mo se equilibran los objetivos energ\u00e9ticos con la preservaci\u00f3n del patrimonio en una naci\u00f3n que, al mismo tiempo que mira hacia el futuro, valora profundamente su pasado.<\/p>\n","protected":false},"excerpt":{"rendered":"<p>El Castillo de Mey una residencia cargada de historia en el norte de Escocia y restaurada personalmente por la\u00a0Reina Madre\u00a0tras la muerte del Rey Jorge VI, se encuentra en el centro de una controversia debido a un\u00a0proyecto de almacenamiento de energ\u00eda propuesto por la empresa Simec Atlantis Energy. La iniciativa contempla instalar m\u00e1s de 300 [&hellip;]<\/p>\n","protected":false},"author":2,"featured_media":140664,"comment_status":"open","ping_status":"open","sticky":false,"template":"","format":"standard","meta":{"footnotes":""},"categories":[8],"tags":[],"class_list":["post-140663","post","type-post","status-publish","format-standard","has-post-thumbnail","hentry","category-internacionales"],"_links":{"self":[{"href":"http:\/\/elcuartopoder.com.mx\/nw\/wp-json\/wp\/v2\/posts\/140663","targetHints":{"allow":["GET"]}}],"collection":[{"href":"http:\/\/elcuartopoder.com.mx\/nw\/wp-json\/wp\/v2\/posts"}],"about":[{"href":"http:\/\/elcuartopoder.com.mx\/nw\/wp-json\/wp\/v2\/types\/post"}],"author":[{"embeddable":true,"href":"http:\/\/elcuartopoder.com.mx\/nw\/wp-json\/wp\/v2\/users\/2"}],"replies":[{"embeddable":true,"href":"http:\/\/elcuartopoder.com.mx\/nw\/wp-json\/wp\/v2\/comments?post=140663"}],"version-history":[{"count":1,"href":"http:\/\/elcuartopoder.com.mx\/nw\/wp-json\/wp\/v2\/posts\/140663\/revisions"}],"predecessor-version":[{"id":140665,"href":"http:\/\/elcuartopoder.com.mx\/nw\/wp-json\/wp\/v2\/posts\/140663\/revisions\/140665"}],"wp:featuredmedia":[{"embeddable":true,"href":"http:\/\/elcuartopoder.com.mx\/nw\/wp-json\/wp\/v2\/media\/140664"}],"wp:attachment":[{"href":"http:\/\/elcuartopoder.com.mx\/nw\/wp-json\/wp\/v2\/media?parent=140663"}],"wp:term":[{"taxonomy":"category","embeddable":true,"href":"http:\/\/elcuartopoder.com.mx\/nw\/wp-json\/wp\/v2\/categories?post=140663"},{"taxonomy":"post_tag","embeddable":true,"href":"http:\/\/elcuartopoder.com.mx\/nw\/wp-json\/wp\/v2\/tags?post=140663"}],"curies":[{"name":"wp","href":"https:\/\/api.w.org\/{rel}","templated":true}]}}