{"id":140694,"date":"2025-05-07T10:06:22","date_gmt":"2025-05-07T15:06:22","guid":{"rendered":"https:\/\/elcuartopoder.com.mx\/nw\/?p=140694"},"modified":"2025-05-07T10:06:23","modified_gmt":"2025-05-07T15:06:23","slug":"mejor-lo-dejamos-ahi","status":"publish","type":"post","link":"http:\/\/elcuartopoder.com.mx\/nw\/editorial\/mejor-lo-dejamos-ahi\/","title":{"rendered":"Mejor lo dejamos ah\u00ed"},"content":{"rendered":"\n<p>Frente a la maliciosa sugerencia, la mesura. Ante la estridencia, la seria suavidad, el justo criterio para la exclusi\u00f3n de puntos adicionales de conflicto. Es la fortaleza del desfavorecido en la relaci\u00f3n asim\u00e9trica: la inteligencia contra el lujo vulgar del poderoso apoyado en la provocaci\u00f3n arrogante.<\/p>\n\n\n\n<p>Si el presidente de Estados Unidos, Donald Trump, combina pseudoelogios machistas con ep\u00edtetos tras recibir un \u201cno\u201d como respuesta a su pretensi\u00f3n de ingresar con tropas estadounidenses a territorio mexicano para ayudar a combatir al narcotr\u00e1fico, la Presidenta Claudia Sheinbaum Pardo exhibe continua cautela estrat\u00e9gica. Y las encuestas revelan una aprobaci\u00f3n superior a 80 por ciento.&nbsp;<\/p>\n\n\n\n<p>La secretaria de Gobernaci\u00f3n, Rosa Icela Rodr\u00edguez Vel\u00e1zquez, me coment\u00f3 c\u00f3mo durante su asistencia a los funerales del Papa Francisco, a la menci\u00f3n de M\u00e9xico, l\u00edderes de todo el mundo refer\u00edan el nombre de la mandataria mexicana en El Vaticano con reconocimiento, cuando no con admiraci\u00f3n, debido al posicionamiento nacional respecto del Presidente estadounidense.<\/p>\n\n\n\n<p>El \u201cmejor lo dejamos ah\u00ed, no haya ah\u00ed un tema de un debate a trav\u00e9s de los medios\u201d, como respuesta a los reporteros, quienes buscaban reacci\u00f3n ante las aseveraciones de Trump \u2014\u201ctiene tanto miedo de los c\u00e1rteles que no puede caminar\u201d\u2014 ratifica la kalimanesca decisi\u00f3n de Sheinbaum. Tanta serenidad como sea oportuna, tanta paciencia como sea conveniente.<\/p>\n\n\n\n<p>Los indicadores econ\u00f3micos y de seguridad muestran una realidad distante de la expresada en afirmaciones carentes de contexto, aunque hay una inquietud generalizada por profundizar los resultados. Al primer trimestre de este a\u00f1o, la econom\u00eda mexicana creci\u00f3 0.2 por ciento respecto al cuarto trimestre de 2024. Por el momento, las alarmas de recesi\u00f3n t\u00e9cnica se apagaron. Aunque el desaf\u00edo de generaci\u00f3n de empleo y la presi\u00f3n generacional est\u00e1n muy presentes.<\/p>\n\n\n\n<p>En seguridad, en poco m\u00e1s de seis meses de administraci\u00f3n hay m\u00e1s de 11 mil 600 detenidos por delitos de alto impacto, 102 toneladas de drogas aseguradas, 192 laboratorios clandestinos desmantelados y el decomiso de m\u00e1s de cinco mil armas de fuego, as\u00ed como afectaciones al crimen organizado superiores a 63 mil millones de pesos.&nbsp;<\/p>\n\n\n\n<p>Este tiempo ha bastado para que la Presidenta Sheinbaum Pardo remasterice la relaci\u00f3n entre el poder pol\u00edtico y el poder econ\u00f3mico. Ha dado pasos hacia una forma de soberan\u00eda desde abajo y con eficacia institucional. Continuidad en lo social, rigor t\u00e9cnico en lo econ\u00f3mico, mano firme frente a los poderes f\u00e1cticos.<\/p>\n\n\n\n<p>Desde Puebla, en la conmemoraci\u00f3n del 163 aniversario de la victoria del 5 de mayo, con el gobernador Alejandro Armenta como anfitri\u00f3n y acompa\u00f1ada de la Jefa de Gobierno de la Ciudad de M\u00e9xico, Clara Brugada Molina, Sheinbaum refrenda un aspecto central de la soberan\u00eda: no claudicar ante presiones extranjeras.<\/p>\n\n\n\n<p>Frente a la estridencia, \u201cmejor lo dejamos ah\u00ed\u201d.<\/p>\n\n\n\n<p>POR SALVADOR GUERRERO CHIPR\u00c9S<\/p>\n","protected":false},"excerpt":{"rendered":"<p>Frente a la maliciosa sugerencia, la mesura. Ante la estridencia, la seria suavidad, el justo criterio para la exclusi\u00f3n de puntos adicionales de conflicto. Es la fortaleza del desfavorecido en la relaci\u00f3n asim\u00e9trica: la inteligencia contra el lujo vulgar del poderoso apoyado en la provocaci\u00f3n arrogante. Si el presidente de Estados Unidos, Donald Trump, combina [&hellip;]<\/p>\n","protected":false},"author":2,"featured_media":140695,"comment_status":"open","ping_status":"open","sticky":false,"template":"","format":"standard","meta":{"footnotes":""},"categories":[63],"tags":[],"class_list":["post-140694","post","type-post","status-publish","format-standard","has-post-thumbnail","hentry","category-editorial"],"_links":{"self":[{"href":"http:\/\/elcuartopoder.com.mx\/nw\/wp-json\/wp\/v2\/posts\/140694","targetHints":{"allow":["GET"]}}],"collection":[{"href":"http:\/\/elcuartopoder.com.mx\/nw\/wp-json\/wp\/v2\/posts"}],"about":[{"href":"http:\/\/elcuartopoder.com.mx\/nw\/wp-json\/wp\/v2\/types\/post"}],"author":[{"embeddable":true,"href":"http:\/\/elcuartopoder.com.mx\/nw\/wp-json\/wp\/v2\/users\/2"}],"replies":[{"embeddable":true,"href":"http:\/\/elcuartopoder.com.mx\/nw\/wp-json\/wp\/v2\/comments?post=140694"}],"version-history":[{"count":1,"href":"http:\/\/elcuartopoder.com.mx\/nw\/wp-json\/wp\/v2\/posts\/140694\/revisions"}],"predecessor-version":[{"id":140696,"href":"http:\/\/elcuartopoder.com.mx\/nw\/wp-json\/wp\/v2\/posts\/140694\/revisions\/140696"}],"wp:featuredmedia":[{"embeddable":true,"href":"http:\/\/elcuartopoder.com.mx\/nw\/wp-json\/wp\/v2\/media\/140695"}],"wp:attachment":[{"href":"http:\/\/elcuartopoder.com.mx\/nw\/wp-json\/wp\/v2\/media?parent=140694"}],"wp:term":[{"taxonomy":"category","embeddable":true,"href":"http:\/\/elcuartopoder.com.mx\/nw\/wp-json\/wp\/v2\/categories?post=140694"},{"taxonomy":"post_tag","embeddable":true,"href":"http:\/\/elcuartopoder.com.mx\/nw\/wp-json\/wp\/v2\/tags?post=140694"}],"curies":[{"name":"wp","href":"https:\/\/api.w.org\/{rel}","templated":true}]}}