{"id":140700,"date":"2025-05-07T10:17:19","date_gmt":"2025-05-07T15:17:19","guid":{"rendered":"https:\/\/elcuartopoder.com.mx\/nw\/?p=140700"},"modified":"2025-05-07T10:17:21","modified_gmt":"2025-05-07T15:17:21","slug":"que-son-los-suenos-lucidos-y-por-que-son-frecuentes-si-se-tienen-funciones-cognitivas-avanzadas","status":"publish","type":"post","link":"http:\/\/elcuartopoder.com.mx\/nw\/varios\/que-son-los-suenos-lucidos-y-por-que-son-frecuentes-si-se-tienen-funciones-cognitivas-avanzadas\/","title":{"rendered":"Qu\u00e9 son los sue\u00f1os l\u00facidos y por qu\u00e9 son frecuentes si se tienen funciones cognitivas avanzadas"},"content":{"rendered":"\n<p>Los\u00a0<strong>sue\u00f1os l\u00facidos<\/strong>\u00a0son aquellos en los que la persona es consciente de que est\u00e1 so\u00f1ando mientras duerme y, en algunos casos, puede\u00a0<strong>controlar<\/strong>\u00a0el contenido del sue\u00f1o, seg\u00fan explica la doctora Mar\u00eda \u00c1ngeles Idiaz\u00e1bal, neurofisi\u00f3loga cl\u00ednica y directora del\u00a0Instituto Neurocognitivo INCIA\u00a0&#8230;<\/p>\n","protected":false},"excerpt":{"rendered":"<p>Los\u00a0sue\u00f1os l\u00facidos\u00a0son aquellos en los que la persona es consciente de que est\u00e1 so\u00f1ando mientras duerme y, en algunos casos, puede\u00a0controlar\u00a0el contenido del sue\u00f1o, seg\u00fan explica la doctora Mar\u00eda \u00c1ngeles Idiaz\u00e1bal, neurofisi\u00f3loga cl\u00ednica y directora del\u00a0Instituto Neurocognitivo INCIA\u00a0&#8230;<\/p>\n","protected":false},"author":2,"featured_media":140701,"comment_status":"open","ping_status":"open","sticky":false,"template":"","format":"standard","meta":{"footnotes":""},"categories":[64],"tags":[],"class_list":["post-140700","post","type-post","status-publish","format-standard","has-post-thumbnail","hentry","category-varios"],"_links":{"self":[{"href":"http:\/\/elcuartopoder.com.mx\/nw\/wp-json\/wp\/v2\/posts\/140700","targetHints":{"allow":["GET"]}}],"collection":[{"href":"http:\/\/elcuartopoder.com.mx\/nw\/wp-json\/wp\/v2\/posts"}],"about":[{"href":"http:\/\/elcuartopoder.com.mx\/nw\/wp-json\/wp\/v2\/types\/post"}],"author":[{"embeddable":true,"href":"http:\/\/elcuartopoder.com.mx\/nw\/wp-json\/wp\/v2\/users\/2"}],"replies":[{"embeddable":true,"href":"http:\/\/elcuartopoder.com.mx\/nw\/wp-json\/wp\/v2\/comments?post=140700"}],"version-history":[{"count":1,"href":"http:\/\/elcuartopoder.com.mx\/nw\/wp-json\/wp\/v2\/posts\/140700\/revisions"}],"predecessor-version":[{"id":140702,"href":"http:\/\/elcuartopoder.com.mx\/nw\/wp-json\/wp\/v2\/posts\/140700\/revisions\/140702"}],"wp:featuredmedia":[{"embeddable":true,"href":"http:\/\/elcuartopoder.com.mx\/nw\/wp-json\/wp\/v2\/media\/140701"}],"wp:attachment":[{"href":"http:\/\/elcuartopoder.com.mx\/nw\/wp-json\/wp\/v2\/media?parent=140700"}],"wp:term":[{"taxonomy":"category","embeddable":true,"href":"http:\/\/elcuartopoder.com.mx\/nw\/wp-json\/wp\/v2\/categories?post=140700"},{"taxonomy":"post_tag","embeddable":true,"href":"http:\/\/elcuartopoder.com.mx\/nw\/wp-json\/wp\/v2\/tags?post=140700"}],"curies":[{"name":"wp","href":"https:\/\/api.w.org\/{rel}","templated":true}]}}