{"id":140813,"date":"2025-05-09T10:43:22","date_gmt":"2025-05-09T15:43:22","guid":{"rendered":"https:\/\/elcuartopoder.com.mx\/nw\/?p=140813"},"modified":"2025-05-09T10:43:23","modified_gmt":"2025-05-09T15:43:23","slug":"vecinos-incendian-una-casa-en-hidalgo-por-presunta-invasion-aseguran-que-la-operaban-delincuentes","status":"publish","type":"post","link":"http:\/\/elcuartopoder.com.mx\/nw\/policiacas\/vecinos-incendian-una-casa-en-hidalgo-por-presunta-invasion-aseguran-que-la-operaban-delincuentes\/","title":{"rendered":"Vecinos incendian una casa en Hidalgo por presunta invasi\u00f3n, aseguran que la operaban delincuentes"},"content":{"rendered":"\n<p>La noche del pasado martes 6 de mayo, se report\u00f3 un<strong>&nbsp;incendio en una vivienda<\/strong>&nbsp;ubicada en&nbsp;<strong>Napateco<\/strong>, en el municipio de<strong>&nbsp;Tulancingo, Hidalgo,<\/strong>&nbsp;presuntamente iniciado por vecinos de esta colonia, quienes aseguran que este inmueble era una casa de operaciones de delincuentes que invadieron el lugar.<\/p>\n\n\n\n<p>La vivienda se encuentra ubicada sobre la<strong>&nbsp;calle 29&nbsp;<\/strong>y de acuerdo con vecinos, la casa quemada era utilizada por supuestos delincuentes que operaban impunemente desde ese lugar, el inmueble hab\u00eda sido invadido por&nbsp;<strong>personas ajenas&nbsp;<\/strong>y vinculan su presencia con una serie de robos que han afectado a distintos residentes de la colonia.&nbsp;<\/p>\n\n\n\n<p>Adem\u00e1s, advierten que este no es un caso&nbsp;<strong>aislado<\/strong>, pues otras viviendas deshabitadas tambi\u00e9n han sido ocupadas de manera irregular por sujetos que presuntamente participan en<strong>&nbsp;actividades il\u00edcitas.<\/strong>&nbsp;La decisi\u00f3n de prender fuego al inmueble fue tomada por los propios colonos, quienes argumentan estar cansados de la falta de respuesta por parte de las autoridades locales ante los constantes hechos delictivos.&nbsp;<\/p>\n\n\n\n<p>El pasado 24 de abril, la<strong>&nbsp;Secretar\u00eda de Seguridad P\u00fablica de Hidalgo,<\/strong>&nbsp;en conjunto con elementos de la<strong>&nbsp;Guardia Nacional<\/strong>, realiz\u00f3 un operativo especial en esta colonia en el que se cerraron temporalmente algunas calles y se despleg\u00f3 personal de seguridad en puntos estrat\u00e9gicos.<\/p>\n\n\n\n<figure class=\"wp-block-image\"><img decoding=\"async\" src=\"https:\/\/heraldodemexico.com.mx\/u\/fotografias\/m\/2024\/12\/16\/f768x1-1058027_1058154_5050.jpg\" alt=\"\"\/><figcaption class=\"wp-element-caption\">Imagen Ilustrativa<br>Cr\u00e9ditos: Archivo El Heraldo de M\u00e9xico<\/figcaption><\/figure>\n\n\n\n<h2 class=\"wp-block-heading\">\u00bfQu\u00e9 hacer en caso de incendio?<\/h2>\n\n\n\n<p>Lo primero que se debe hacer es identificar la<strong>&nbsp;fuente del fuego<\/strong>&nbsp;y, si es posible y seguro, intentar apagarlo con un extintor adecuado. Nunca intentes apagar un incendio si este ya est\u00e1 fuera de control o si hay riesgo de quedar atrapado.<\/p>\n\n\n\n<p>Si el fuego es incontrolable, evac\u00faa de inmediato el lugar siguiendo la ruta de emergencia m\u00e1s cercana, no uses elevadores y aseg\u00farate de ayudar a ni\u00f1os, personas mayores o con discapacidad, antes de abrir una puerta, toca la perilla con el dorso de la mano; si est\u00e1 caliente, busca otra salida.&nbsp;<\/p>\n\n\n\n<figure class=\"wp-block-image\"><img decoding=\"async\" src=\"https:\/\/heraldodemexico.com.mx\/u\/fotografias\/m\/2024\/11\/27\/f768x1-1048677_1048804_5050.jpg\" alt=\"\"\/><figcaption class=\"wp-element-caption\">Llama al n\u00famero de emergencias 911<br>Cr\u00e9ditos: Archivo El Heraldo de M\u00e9xico<\/figcaption><\/figure>\n\n\n\n<p>Al desplazarte, hazlo agachado para evitar inhalar humo, ya que este puede ser m\u00e1s mortal que el fuego mismo. En caso de quedar atrapado, busca una habitaci\u00f3n alejada del fuego, sella las rendijas de la puerta con ropa h\u00fameda y as\u00f3mate por una ventana para pedir ayuda. Si hay humo, c\u00fabrete nariz y boca con un trapo h\u00famedo.<\/p>\n\n\n\n<p>Una vez a salvo, llama al n\u00famero de emergencia,&nbsp;<strong>911<\/strong>&nbsp;y proporciona tu ubicaci\u00f3n exacta, no regreses al inmueble por ning\u00fan motivo hasta que los bomberos indiquen que es seguro hacerlo.<\/p>\n","protected":false},"excerpt":{"rendered":"<p>La noche del pasado martes 6 de mayo, se report\u00f3 un&nbsp;incendio en una vivienda&nbsp;ubicada en&nbsp;Napateco, en el municipio de&nbsp;Tulancingo, Hidalgo,&nbsp;presuntamente iniciado por vecinos de esta colonia, quienes aseguran que este inmueble era una casa de operaciones de delincuentes que invadieron el lugar. La vivienda se encuentra ubicada sobre la&nbsp;calle 29&nbsp;y de acuerdo con vecinos, la [&hellip;]<\/p>\n","protected":false},"author":2,"featured_media":140814,"comment_status":"open","ping_status":"open","sticky":false,"template":"","format":"standard","meta":{"footnotes":""},"categories":[23],"tags":[],"class_list":["post-140813","post","type-post","status-publish","format-standard","has-post-thumbnail","hentry","category-policiacas"],"_links":{"self":[{"href":"http:\/\/elcuartopoder.com.mx\/nw\/wp-json\/wp\/v2\/posts\/140813","targetHints":{"allow":["GET"]}}],"collection":[{"href":"http:\/\/elcuartopoder.com.mx\/nw\/wp-json\/wp\/v2\/posts"}],"about":[{"href":"http:\/\/elcuartopoder.com.mx\/nw\/wp-json\/wp\/v2\/types\/post"}],"author":[{"embeddable":true,"href":"http:\/\/elcuartopoder.com.mx\/nw\/wp-json\/wp\/v2\/users\/2"}],"replies":[{"embeddable":true,"href":"http:\/\/elcuartopoder.com.mx\/nw\/wp-json\/wp\/v2\/comments?post=140813"}],"version-history":[{"count":1,"href":"http:\/\/elcuartopoder.com.mx\/nw\/wp-json\/wp\/v2\/posts\/140813\/revisions"}],"predecessor-version":[{"id":140815,"href":"http:\/\/elcuartopoder.com.mx\/nw\/wp-json\/wp\/v2\/posts\/140813\/revisions\/140815"}],"wp:featuredmedia":[{"embeddable":true,"href":"http:\/\/elcuartopoder.com.mx\/nw\/wp-json\/wp\/v2\/media\/140814"}],"wp:attachment":[{"href":"http:\/\/elcuartopoder.com.mx\/nw\/wp-json\/wp\/v2\/media?parent=140813"}],"wp:term":[{"taxonomy":"category","embeddable":true,"href":"http:\/\/elcuartopoder.com.mx\/nw\/wp-json\/wp\/v2\/categories?post=140813"},{"taxonomy":"post_tag","embeddable":true,"href":"http:\/\/elcuartopoder.com.mx\/nw\/wp-json\/wp\/v2\/tags?post=140813"}],"curies":[{"name":"wp","href":"https:\/\/api.w.org\/{rel}","templated":true}]}}