{"id":140816,"date":"2025-05-09T10:45:21","date_gmt":"2025-05-09T15:45:21","guid":{"rendered":"https:\/\/elcuartopoder.com.mx\/nw\/?p=140816"},"modified":"2025-05-09T10:45:23","modified_gmt":"2025-05-09T15:45:23","slug":"entre-la-desnutricion-y-la-obesidad-los-riesgos-que-enfrenta-la-ninez-en-mexico","status":"publish","type":"post","link":"http:\/\/elcuartopoder.com.mx\/nw\/editorial\/entre-la-desnutricion-y-la-obesidad-los-riesgos-que-enfrenta-la-ninez-en-mexico\/","title":{"rendered":"Entre la desnutrici\u00f3n y la obesidad: los riesgos que enfrenta la ni\u00f1ez en M\u00e9xico"},"content":{"rendered":"\n<p><strong>La alimentaci\u00f3n es un derecho humano&nbsp;<\/strong>fundamental y est\u00e1 reconocido por diversos documentos jur\u00eddicos del derecho internacional, los cuales han sido ratificados por el Estado mexicano, por lo que su aplicaci\u00f3n es obligatoria.&nbsp;<\/p>\n\n\n\n<p>Sin embargo, el art\u00edculo 24 de la Convenci\u00f3n sobre los Derechos del Ni\u00f1o y el art\u00edculo 4\u00b0 de la Constituci\u00f3n Pol\u00edtica de los Estados Unidos Mexicanos, no son suficiente respaldo para que todas las ni\u00f1as y ni\u00f1os en M\u00e9xico disfruten una nutrici\u00f3n efectiva.&nbsp;<\/p>\n\n\n\n<p>La&nbsp;<strong>ni\u00f1ez en M\u00e9xico<\/strong>&nbsp;encara un severo reto cuando de&nbsp;<strong>nutrici\u00f3n<\/strong>&nbsp;se trata, ya que por un lado existen millones de ni\u00f1as y ni\u00f1os que padecen obesidad y est\u00e1n en medio de m\u00faltiples intentos de cambiar la cultura de la alimentaci\u00f3n, mientras que otros tantos con mucho trabajo consiguen el consumo m\u00ednimo necesario para su desarrollo.<\/p>\n\n\n\n<figure class=\"wp-block-image\"><img decoding=\"async\" src=\"https:\/\/heraldodemexico.com.mx\/u\/fotografias\/m\/2025\/5\/8\/f768x1-1124162_1124289_5050.jpg\" alt=\"\"\/><\/figure>\n\n\n\n<p>M\u00e1s de 15 millones de menores sufren de obesidad. Seg\u00fan la<strong>&nbsp;Encuesta de salud y nutrici\u00f3n<\/strong>&nbsp;(ENSANUT) 2020-2023, del Instituto Nacional de Estad\u00edstica y Geograf\u00eda (INEGI), 5.7 millones de ni\u00f1os de 5 a 11 a\u00f1os y 10.4 millones de 12 a 19 a\u00f1os padecen obesidad. Mientras que la propia ENSANUT revela que el 12.8% de los ni\u00f1os de o a 4 a\u00f1os tienen una talla baja; es decir, sufren de desnutrici\u00f3n cr\u00f3nica.<\/p>\n\n\n\n<p>Recientemente,&nbsp;<strong>Save the Children M\u00e9xico&nbsp;<\/strong>y el Centro de Excelencia e Innovaci\u00f3n para los Derechos y Oportunidades de la Ni\u00f1ez (CEIDON) presentaron un estudio que no solo refleja la situaci\u00f3n actual de la nutrici\u00f3n, sino que tambi\u00e9n examina escenarios de riesgo y ofrece soluciones estrat\u00e9gicas con el objetivo de mitigar futuros desaf\u00edos en este \u00e1mbito cr\u00edtico.<\/p>\n\n\n\n<p>El&nbsp;<a href=\"https:\/\/savethechildren.mx\/wp-content\/uploads\/2025\/02\/atlas_riesgos_de_nutricion.pdf\">Atlas de Riesgos para la Nutrici\u00f3n de la Ni\u00f1ez<\/a>&nbsp;es un estudio realizado con enfoque de derechos de la ni\u00f1ez que prioriza la acci\u00f3n coordinada ante un problema de salud p\u00fablica que, a pesar de los avances en la reducci\u00f3n de la desnutrici\u00f3n a lo largo de las d\u00e9cadas, sigue afectando de manera desproporcionada a comunidades espec\u00edficas del pa\u00eds.<\/p>\n\n\n\n<p>Esta investigaci\u00f3n se construy\u00f3 a partir de un mapeo inicial de 139 variables independientes, obtenidas de diversas fuentes, como la Direcci\u00f3n General de Informaci\u00f3n en Salud de la Secretar\u00eda de Salud, el Directorio Estad\u00edstico Nacional de Unidades Econ\u00f3micas del INEGI, la base DataMun de Coneval y los anuarios de morbilidad de la Secretar\u00eda de Salud; lo que permite mirar el panorama desde diferentes y espec\u00edficas aristas que, sin duda, revelan la situaci\u00f3n actual y lo que podr\u00eda ser un catastr\u00f3fico futuro si no se toman en cuenta las condiciones que agravan la nutrici\u00f3n de las ni\u00f1as, ni\u00f1os y adolescentes.<\/p>\n\n\n\n<p>Es as\u00ed, que este Atlas incluye&nbsp;<a href=\"https:\/\/ceidon.org\/estudios\/atlasnutricion\/resultados\">mapas interactivos<\/a>&nbsp;que est\u00e1n categorizados&nbsp;en dos importantes secciones: Desnutrici\u00f3n Cr\u00f3nica &#8211; Baja Talla y Sobrepeso y Obesidad. Al seleccionar uno es posible elegir entre los diferentes rangos de edad, que van de los 0 a 3 a\u00f1os, 4 a 6 a\u00f1os, 7 a 9 a\u00f1os y uno completo de 0 a 9 a\u00f1os; y despu\u00e9s de ingresar las variables, se mostrar\u00e1n dos mapas disponibles: el izquierdo muestra la prevalencia del fen\u00f3meno seleccionado, mientras que el de la derecha indica su potencial riesgo.<\/p>\n\n\n\n<figure class=\"wp-block-image\"><img decoding=\"async\" src=\"https:\/\/heraldodemexico.com.mx\/u\/fotografias\/m\/2025\/5\/8\/f768x1-1124163_1124290_5050.jpg\" alt=\"\"\/><\/figure>\n\n\n\n<p>As\u00ed pues, algunos de los descubrimientos que el estudio hace son realmente impactantes. Por mencionar algunos datos, se estima que, en ni\u00f1as y ni\u00f1os de entre 5 y 11 a\u00f1os, la obesidad casi se duplic\u00f3, de 9% en 1999 a 17.5% para 2020-2023 como promedio de los tres a\u00f1os: Asimismo, se encontr\u00f3 que 21 estados de la Rep\u00fablica Mexicana presentan riesgo considerable de que un ni\u00f1o o ni\u00f1a en la entidad presente&nbsp;<strong>sobrepeso y obesidad<\/strong>&nbsp;en el transcurso de sus primeros nueve a\u00f1os de vida.<\/p>\n\n\n\n<p>El an\u00e1lisis profundo que este estudio permite subraya la importancia de adoptar un enfoque de g\u00e9nero y prevenci\u00f3n de la violencia. La&nbsp;<strong>violencia intrafamiliar<\/strong>&nbsp;tiene un impacto negativo en la nutrici\u00f3n y el desarrollo, ya que genera&nbsp;<strong>estr\u00e9s e inseguridad<\/strong>&nbsp;en el entorno familiar, lo cual afecta el crecimiento y la salud de la ni\u00f1ez.<\/p>\n\n\n\n<p>El Atlas de Riesgos para la Nutrici\u00f3n de la Ni\u00f1ez en M\u00e9xico fomenta una conversaci\u00f3n activa e informada sobre acciones en torno a la promoci\u00f3n de la nutrici\u00f3n y la salud, con el objetivo de que todas las ni\u00f1as y ni\u00f1os en M\u00e9xico tengan acceso a una alimentaci\u00f3n segura, suficiente y saludable.<\/p>\n\n\n\n<figure class=\"wp-block-image\"><img decoding=\"async\" src=\"https:\/\/heraldodemexico.com.mx\/u\/fotografias\/m\/2025\/5\/8\/f768x1-1124164_1124291_5050.jpg\" alt=\"\"\/><\/figure>\n\n\n\n<p>M\u00e1s all\u00e1 de las cifras, este interesante ejercicio anal\u00edtico se convierte en motivo suficiente para que autoridades, instituciones, el sector empresarial y todos los integrantes de la sociedad den un paso atr\u00e1s para observar que una nutrici\u00f3n eficaz no solo se trata de qu\u00e9 consumen las ni\u00f1as y los ni\u00f1os, sino que tambi\u00e9n hay que procurar un ambiente sano, mejorar las oportunidades de sus familias y sobre todo de facilitar un contexto que nutra, s\u00ed sus cuerpos, pero tambi\u00e9n sus mentes.&nbsp;<\/p>\n\n\n\n<p>Ent\u00e9rate de todos los hallazgos que tiene el Atlas de Riesgos para la Nutrici\u00f3n de la Ni\u00f1ez e interact\u00faa con los mapas en su&nbsp;<a href=\"https:\/\/ceidon.org\/estudios\/atlasnutricion\/\">sitio web<\/a>.<\/p>\n\n\n\n<p>\u00a1Inf\u00f3rmate y s\u00e9 parte de la evoluci\u00f3n que alimente a la ni\u00f1ez en nuestro pa\u00eds!<\/p>\n","protected":false},"excerpt":{"rendered":"<p>La alimentaci\u00f3n es un derecho humano&nbsp;fundamental y est\u00e1 reconocido por diversos documentos jur\u00eddicos del derecho internacional, los cuales han sido ratificados por el Estado mexicano, por lo que su aplicaci\u00f3n es obligatoria.&nbsp; Sin embargo, el art\u00edculo 24 de la Convenci\u00f3n sobre los Derechos del Ni\u00f1o y el art\u00edculo 4\u00b0 de la Constituci\u00f3n Pol\u00edtica de los [&hellip;]<\/p>\n","protected":false},"author":2,"featured_media":140817,"comment_status":"open","ping_status":"open","sticky":false,"template":"","format":"standard","meta":{"footnotes":""},"categories":[63],"tags":[],"class_list":["post-140816","post","type-post","status-publish","format-standard","has-post-thumbnail","hentry","category-editorial"],"_links":{"self":[{"href":"http:\/\/elcuartopoder.com.mx\/nw\/wp-json\/wp\/v2\/posts\/140816","targetHints":{"allow":["GET"]}}],"collection":[{"href":"http:\/\/elcuartopoder.com.mx\/nw\/wp-json\/wp\/v2\/posts"}],"about":[{"href":"http:\/\/elcuartopoder.com.mx\/nw\/wp-json\/wp\/v2\/types\/post"}],"author":[{"embeddable":true,"href":"http:\/\/elcuartopoder.com.mx\/nw\/wp-json\/wp\/v2\/users\/2"}],"replies":[{"embeddable":true,"href":"http:\/\/elcuartopoder.com.mx\/nw\/wp-json\/wp\/v2\/comments?post=140816"}],"version-history":[{"count":1,"href":"http:\/\/elcuartopoder.com.mx\/nw\/wp-json\/wp\/v2\/posts\/140816\/revisions"}],"predecessor-version":[{"id":140818,"href":"http:\/\/elcuartopoder.com.mx\/nw\/wp-json\/wp\/v2\/posts\/140816\/revisions\/140818"}],"wp:featuredmedia":[{"embeddable":true,"href":"http:\/\/elcuartopoder.com.mx\/nw\/wp-json\/wp\/v2\/media\/140817"}],"wp:attachment":[{"href":"http:\/\/elcuartopoder.com.mx\/nw\/wp-json\/wp\/v2\/media?parent=140816"}],"wp:term":[{"taxonomy":"category","embeddable":true,"href":"http:\/\/elcuartopoder.com.mx\/nw\/wp-json\/wp\/v2\/categories?post=140816"},{"taxonomy":"post_tag","embeddable":true,"href":"http:\/\/elcuartopoder.com.mx\/nw\/wp-json\/wp\/v2\/tags?post=140816"}],"curies":[{"name":"wp","href":"https:\/\/api.w.org\/{rel}","templated":true}]}}