{"id":140819,"date":"2025-05-09T10:46:36","date_gmt":"2025-05-09T15:46:36","guid":{"rendered":"https:\/\/elcuartopoder.com.mx\/nw\/?p=140819"},"modified":"2025-05-09T10:46:36","modified_gmt":"2025-05-09T15:46:36","slug":"papa-leon-xiv-cuanto-dinero-ganara-mensualmente-el-sumo-pontifice","status":"publish","type":"post","link":"http:\/\/elcuartopoder.com.mx\/nw\/politica\/papa-leon-xiv-cuanto-dinero-ganara-mensualmente-el-sumo-pontifice\/","title":{"rendered":"Papa Le\u00f3n XIV: \u00bfCu\u00e1nto dinero ganar\u00e1 mensualmente el sumo pont\u00edfice?"},"content":{"rendered":"\n<p>Tras la designaci\u00f3n de&nbsp;<strong>Robert Francis Prevost Mart\u00ednez&nbsp;<\/strong>como el sucesor del Papa Francisco, en plataformas digitales cientos de internautas comenzaron a cuestionarse cu\u00e1l ser\u00e1 el salario mensual que recibir\u00e1 el sumo pont\u00edfice, quien durante su gesti\u00f3n ser\u00e1 conocido como el&nbsp;<strong>Papa Le\u00f3n XIV,<\/strong>&nbsp;por ello, en esta nota te decimos todo lo que se sabe al respecto.<\/p>\n\n\n\n<p>La designaci\u00f3n de&nbsp;<strong>Robert Prevost&nbsp;<\/strong>como el nuevo papa ocurri\u00f3 durante el segundo d\u00eda del C\u00f3nclave y tal como lo dicta el protocolo sali\u00f3 humo blanco de la chimenea de la Capilla Sixtina para anunciar que el estadounidense obtuvo&nbsp;<strong>al menos 89 votos de los 133 cardenales<\/strong>&nbsp;que participaron en la elecci\u00f3n del sucesor del Papa Francisco.<\/p>\n\n\n\n<p>Tal y como se ten\u00eda previsto, el anunci\u00f3 de la&nbsp;<strong>designaci\u00f3n de Rober Prevost como el nuevo Papa&nbsp;<\/strong>provoc\u00f3 gran j\u00fabilo en la Plaza de San Pedro donde miles de personas provenientes de todo el mundo se emocionaron incluso hasta las l\u00e1grimas por saber qui\u00e9n ser\u00e1 el 267\u00b0 l\u00edder de la iglesia cat\u00f3lica.<\/p>\n\n\n\n<figure class=\"wp-block-image\"><img decoding=\"async\" src=\"https:\/\/heraldodemexico.com.mx\/u\/fotografias\/m\/2025\/5\/8\/f768x1-1124214_1124341_5050.jpg\" alt=\"\"\/><figcaption class=\"wp-element-caption\">El Papa Le\u00f3n XIV tiene 69 a\u00f1os de edad. Foto: X:&nbsp;vaticannews_es<\/figcaption><\/figure>\n\n\n\n<h2 class=\"wp-block-heading\">\u00bfCu\u00e1nto dinero ganar\u00e1 mensualmente el Papa Le\u00f3n XIV?<\/h2>\n\n\n\n<p>El Vaticano nunca ha hecho p\u00fablicos los salarios que perciben sus funcionarios, sin embargo, se sabe que&nbsp;<strong>los papas no reciben un salario por su trabajo como m\u00e1ximos l\u00edderes de la iglesia cat\u00f3lica,<\/strong>&nbsp;este dato se hizo p\u00fablico en 2023 gracias al documental \u201cAm\u00e9n\u201d de Disney Plus en el que el reci\u00e9n fallecido Papa Francisco as\u00ed lo revel\u00f3.<\/p>\n\n\n\n<p>En el referido documental, el Papa Francisco se\u00f1al\u00f3 que<strong>&nbsp;la Santa Sede se encarga de cubrir los gastos de sus necesidades b\u00e1sicas&nbsp;<\/strong>como alimentaci\u00f3n, hospedaje, salud y vestimenta, por lo que quien ocupe este puesto no tiene que preocuparse por si situaci\u00f3n financiera.<\/p>\n\n\n\n<p>En su momento, el&nbsp;<strong>Papa Francisco<\/strong>&nbsp;se\u00f1al\u00f3 que en las ocasiones que necesitaba realizar alg\u00fan gasto m\u00e1s grande sol\u00eda recurrir a solicitar apoyo de personas dispuestas a contribuir a su causa para no da\u00f1ar la econom\u00eda de la Santa Sede y en caso de gestionar ayudas para causas de su inter\u00e9s, precis\u00f3 que acud\u00eda directamente a las instancias encargadas de gestionar los recursos de El Vaticano.<\/p>\n\n\n\n<p>Seg\u00fan las declaraciones del Papa Francisco,&nbsp;<strong>la vida de un sumo pont\u00edfice es como la de un \u201cEmpleado de medio nivel\u201d<\/strong>, es decir, est\u00e1 marcada por la austeridad y sin permitirse derroches.<\/p>\n\n\n\n<h2 class=\"wp-block-heading\">\u00bfQui\u00e9n es el Papa Le\u00f3n XIV?<\/h2>\n\n\n\n<p><strong>Robert Francis Prevost Mart\u00ednez&nbsp;<\/strong>es el nombre secular del&nbsp;<strong>Papa Le\u00f3n XIV,&nbsp;<\/strong>quien naci\u00f3 el 14 de septiembre de 1955 en Chicago, Estados Unidos, tiene ascendencia francesa, italiana y espa\u00f1ola, adem\u00e1s, cuenta con la nacionalidad peruana debido a que desempe\u00f1\u00f3 gran parte de su carrera religiosa en la referida naci\u00f3n sudamericana.<\/p>\n\n\n\n<p>Fue en junio de 1982 cuando&nbsp;<strong>Robert Prevost&nbsp;<\/strong>se orden\u00f3 como sacerdote y desde entonces ocup\u00f3 distintos cargos importantes en el clero peruano y tras su ordenamiento como Cardenal ocup\u00f3 distintos cargos en la curia romana.<\/p>\n","protected":false},"excerpt":{"rendered":"<p>Tras la designaci\u00f3n de&nbsp;Robert Francis Prevost Mart\u00ednez&nbsp;como el sucesor del Papa Francisco, en plataformas digitales cientos de internautas comenzaron a cuestionarse cu\u00e1l ser\u00e1 el salario mensual que recibir\u00e1 el sumo pont\u00edfice, quien durante su gesti\u00f3n ser\u00e1 conocido como el&nbsp;Papa Le\u00f3n XIV,&nbsp;por ello, en esta nota te decimos todo lo que se sabe al respecto. La [&hellip;]<\/p>\n","protected":false},"author":2,"featured_media":140820,"comment_status":"open","ping_status":"open","sticky":false,"template":"","format":"standard","meta":{"footnotes":""},"categories":[61],"tags":[],"class_list":["post-140819","post","type-post","status-publish","format-standard","has-post-thumbnail","hentry","category-politica"],"_links":{"self":[{"href":"http:\/\/elcuartopoder.com.mx\/nw\/wp-json\/wp\/v2\/posts\/140819","targetHints":{"allow":["GET"]}}],"collection":[{"href":"http:\/\/elcuartopoder.com.mx\/nw\/wp-json\/wp\/v2\/posts"}],"about":[{"href":"http:\/\/elcuartopoder.com.mx\/nw\/wp-json\/wp\/v2\/types\/post"}],"author":[{"embeddable":true,"href":"http:\/\/elcuartopoder.com.mx\/nw\/wp-json\/wp\/v2\/users\/2"}],"replies":[{"embeddable":true,"href":"http:\/\/elcuartopoder.com.mx\/nw\/wp-json\/wp\/v2\/comments?post=140819"}],"version-history":[{"count":1,"href":"http:\/\/elcuartopoder.com.mx\/nw\/wp-json\/wp\/v2\/posts\/140819\/revisions"}],"predecessor-version":[{"id":140821,"href":"http:\/\/elcuartopoder.com.mx\/nw\/wp-json\/wp\/v2\/posts\/140819\/revisions\/140821"}],"wp:featuredmedia":[{"embeddable":true,"href":"http:\/\/elcuartopoder.com.mx\/nw\/wp-json\/wp\/v2\/media\/140820"}],"wp:attachment":[{"href":"http:\/\/elcuartopoder.com.mx\/nw\/wp-json\/wp\/v2\/media?parent=140819"}],"wp:term":[{"taxonomy":"category","embeddable":true,"href":"http:\/\/elcuartopoder.com.mx\/nw\/wp-json\/wp\/v2\/categories?post=140819"},{"taxonomy":"post_tag","embeddable":true,"href":"http:\/\/elcuartopoder.com.mx\/nw\/wp-json\/wp\/v2\/tags?post=140819"}],"curies":[{"name":"wp","href":"https:\/\/api.w.org\/{rel}","templated":true}]}}