{"id":140825,"date":"2025-05-09T10:50:20","date_gmt":"2025-05-09T15:50:20","guid":{"rendered":"https:\/\/elcuartopoder.com.mx\/nw\/?p=140825"},"modified":"2025-05-09T10:50:22","modified_gmt":"2025-05-09T15:50:22","slug":"esta-es-la-fecha-en-la-que-reabrira-el-estadio-azteca-para-el-mundial-2026","status":"publish","type":"post","link":"http:\/\/elcuartopoder.com.mx\/nw\/entretenimiento\/deportes\/esta-es-la-fecha-en-la-que-reabrira-el-estadio-azteca-para-el-mundial-2026\/","title":{"rendered":"Esta es la fecha en la que reabrir\u00e1 el Estadio Azteca para el Mundial 2026"},"content":{"rendered":"\n<p>La cuenta regresiva ha comenzado para la&nbsp;<strong>Copa Mundial de la FIFA 2026<\/strong>, un evento hist\u00f3rico que por primera vez se celebrar\u00e1 en tres naciones:&nbsp;<strong>Canad\u00e1, Estados Unidos y M\u00e9xico<\/strong>. Para la afici\u00f3n mexicana, la expectativa crece ante la confirmaci\u00f3n de las ciudades, adem\u00e1s del calendario de partidos que se disputar\u00e1n en territorio nacional.<\/p>\n\n\n\n<p>La&nbsp;<strong>Ciudad de M\u00e9xico<\/strong>&nbsp;se erige como el epicentro de la&nbsp;<strong>actividad mundialista<\/strong>&nbsp;en M\u00e9xico. El emblem\u00e1tico&nbsp;<strong>Estadio Azteca<\/strong>, tambi\u00e9n llamado \u00ab<strong>Coloso<\/strong>&nbsp;<strong>de<\/strong>&nbsp;<strong>Santa \u00darsula<\/strong>\u00ab, ser\u00e1 el escenario principal de cinco emocionantes encuentros. Su rica historia como el \u00fanico estadio en albergar dos finales de la Copa del Mundo (1970 y 1986) lo convierte en un recinto sagrado para el f\u00fatbol.<\/p>\n\n\n\n<p>El&nbsp;<strong>Estadio Azteca<\/strong>&nbsp;tendr\u00e1 el honor de ser la sede del partido inaugural del&nbsp;<strong>Mundial 2026<\/strong>&nbsp;el 11 de junio, un evento que captar\u00e1 la atenci\u00f3n de millones de espectadores a nivel global. Adem\u00e1s del&nbsp;<strong>partido inaugural<\/strong>, el Azteca vibrar\u00e1 con dos partidos de la fase de grupos, un encuentro de&nbsp;<strong>dieciseisavos de final<\/strong>&nbsp;y otro de&nbsp;<strong>octavos de final<\/strong>, consolidando su estatus como un \u00edcono del f\u00fatbol mundial.<\/p>\n\n\n\n<h2 class=\"wp-block-heading\">\u00bfCu\u00e1ndo reabrir\u00e1 el Estadio Azteca?<\/h2>\n\n\n\n<p>A lo largo de su trayectoria, el&nbsp;<strong>Estadio Azteca<\/strong>&nbsp;ha experimentado diversas remodelaciones para mantenerse como un recinto de primer nivel y cumplir con los est\u00e1ndares de la&nbsp;<strong>FIFA<\/strong>. Desde su inauguraci\u00f3n con una capacidad de 110 MIL&nbsp; espectadores, evolucion\u00f3 constantemente&nbsp;hasta albergar actualmente a alrededor de 83 mil aficionados.<\/p>\n\n\n\n<p>Para el&nbsp;<strong>Mundial 2026<\/strong>, se esperan nuevas adecuaciones que mejorar\u00e1n la experiencia de los asistentes, asegurando que el legendario \u00ab<strong>Coloso de Santa \u00darsula<\/strong>\u00bb siga siendo un escenario emblem\u00e1tico en la historia del f\u00fatbol mundial. Esto da cuenta de que M\u00e9xico se prepara con entusiasmo para ser anfitri\u00f3n de una&nbsp;<strong>Copa Mundial<\/strong>&nbsp;inolvidable.<\/p>\n\n\n\n<p>Al respecto, ya se conoce la fecha en que volver\u00e1 a estar disponible el&nbsp;<strong>Estadio Azteca<\/strong>&nbsp;para que toda la gente pueda visitarlo. Ser\u00e1 el 28 de Marzo de 2026 cuando se realice la&nbsp;<strong>reinauguraci\u00f3n<\/strong>&nbsp;del recinto, de acuerdo con las recientes palabras de Clara Brugada, jefa de Gobierno de la CDMX. El recinto, adem\u00e1s, pasar\u00e1 a llamarse Estadio Ciudad de M\u00e9xico.<\/p>\n\n\n\n<h2 class=\"wp-block-heading\">Otros estadios de M\u00e9xico donde se jugar\u00e1 el Mundial 2026<\/h2>\n\n\n\n<p>Guadalajara, la \u00abPerla de Occidente\u00bb, tambi\u00e9n jugar\u00e1 un papel crucial en este Mundial. El moderno&nbsp;<strong>Estadio Akron<\/strong>, casa de las Chivas, recibir\u00e1 cuatro partidos correspondientes a&nbsp;<strong>la fase de grupos<\/strong>. Esta ser\u00e1 la primera vez que la&nbsp;<strong>selecci\u00f3n mexicana<\/strong>&nbsp;dispute un partido de la&nbsp;<strong>Copa Mundial<\/strong>&nbsp;en suelo tapat\u00edo, generando una gran ilusi\u00f3n entre los&nbsp;<strong>aficionados locales<\/strong>.<\/p>\n\n\n\n<p>Monterrey, la capital del estado de Nuevo Le\u00f3n, se suma a la fiesta mundialista con la celebraci\u00f3n de cuatro encuentros de la fase de grupos en el imponente&nbsp;<strong>Estadio BBVA<\/strong>, conocido como el \u00ab<strong>Gigante de Acero<\/strong>\u00ab. Aunque la selecci\u00f3n mexicana no disputar\u00e1 partidos de la fase de grupos en este estadio, los aficionados regiomontanos tendr\u00e1n la oportunidad de vivir la emoci\u00f3n del&nbsp;<strong>f\u00fatbol de \u00e9lite<\/strong>&nbsp;en su propia ciudad.<\/p>\n","protected":false},"excerpt":{"rendered":"<p>La cuenta regresiva ha comenzado para la&nbsp;Copa Mundial de la FIFA 2026, un evento hist\u00f3rico que por primera vez se celebrar\u00e1 en tres naciones:&nbsp;Canad\u00e1, Estados Unidos y M\u00e9xico. Para la afici\u00f3n mexicana, la expectativa crece ante la confirmaci\u00f3n de las ciudades, adem\u00e1s del calendario de partidos que se disputar\u00e1n en territorio nacional. La&nbsp;Ciudad de M\u00e9xico&nbsp;se [&hellip;]<\/p>\n","protected":false},"author":2,"featured_media":140826,"comment_status":"open","ping_status":"open","sticky":false,"template":"","format":"standard","meta":{"footnotes":""},"categories":[7],"tags":[],"class_list":["post-140825","post","type-post","status-publish","format-standard","has-post-thumbnail","hentry","category-deportes"],"_links":{"self":[{"href":"http:\/\/elcuartopoder.com.mx\/nw\/wp-json\/wp\/v2\/posts\/140825","targetHints":{"allow":["GET"]}}],"collection":[{"href":"http:\/\/elcuartopoder.com.mx\/nw\/wp-json\/wp\/v2\/posts"}],"about":[{"href":"http:\/\/elcuartopoder.com.mx\/nw\/wp-json\/wp\/v2\/types\/post"}],"author":[{"embeddable":true,"href":"http:\/\/elcuartopoder.com.mx\/nw\/wp-json\/wp\/v2\/users\/2"}],"replies":[{"embeddable":true,"href":"http:\/\/elcuartopoder.com.mx\/nw\/wp-json\/wp\/v2\/comments?post=140825"}],"version-history":[{"count":1,"href":"http:\/\/elcuartopoder.com.mx\/nw\/wp-json\/wp\/v2\/posts\/140825\/revisions"}],"predecessor-version":[{"id":140827,"href":"http:\/\/elcuartopoder.com.mx\/nw\/wp-json\/wp\/v2\/posts\/140825\/revisions\/140827"}],"wp:featuredmedia":[{"embeddable":true,"href":"http:\/\/elcuartopoder.com.mx\/nw\/wp-json\/wp\/v2\/media\/140826"}],"wp:attachment":[{"href":"http:\/\/elcuartopoder.com.mx\/nw\/wp-json\/wp\/v2\/media?parent=140825"}],"wp:term":[{"taxonomy":"category","embeddable":true,"href":"http:\/\/elcuartopoder.com.mx\/nw\/wp-json\/wp\/v2\/categories?post=140825"},{"taxonomy":"post_tag","embeddable":true,"href":"http:\/\/elcuartopoder.com.mx\/nw\/wp-json\/wp\/v2\/tags?post=140825"}],"curies":[{"name":"wp","href":"https:\/\/api.w.org\/{rel}","templated":true}]}}