{"id":140956,"date":"2025-05-14T09:15:29","date_gmt":"2025-05-14T14:15:29","guid":{"rendered":"https:\/\/elcuartopoder.com.mx\/nw\/?p=140956"},"modified":"2025-05-14T09:15:30","modified_gmt":"2025-05-14T14:15:30","slug":"eleccion-judicial-hacia-el-despenadero","status":"publish","type":"post","link":"http:\/\/elcuartopoder.com.mx\/nw\/politica\/eleccion-judicial-hacia-el-despenadero\/","title":{"rendered":"Elecci\u00f3n judicial, hacia el despe\u00f1adero\u2026"},"content":{"rendered":"\n<p>Quince d\u00edas escasos antes de la estrat\u00e9gica \u201celecci\u00f3n popular\u201d que dar\u00e1 paso a la renovaci\u00f3n del Poder Judicial nada parece m\u00e1s claro que, impulsada desde Palacio y la c\u00fapula del partido-gobierno y de la oposici\u00f3n tambi\u00e9n, aunque en \u00e9ste caso a nivel preferentemente estatal, la misma avanza hacia un despe\u00f1adero donde los m\u00e1s corruptos o quien hoy d\u00eda \u201ctenga m\u00e1s poder\u201d -los c\u00e1rteles del crimen organizado inclu\u00eddos- acabar\u00e1n haci\u00e9ndose con el control de aquel. Ni m\u00e1s ni menos\u2026<\/p>\n\n\n\n<p>La inexistencia de reglas claras y la previsible corrupci\u00f3n que no hace m\u00e1s que abonar a la incertidumbre, igual que la incapacidad de los (supuestos) responsables de calificarla, el desinter\u00e9s de la poblaci\u00f3n para implicarse en ella y la inexistencia de mecanismos que en medio del total desconocimiento de los elegibles garanticen la selecci\u00f3n &nbsp;de los mejores, es de tal &nbsp;manera obvia, que la misma no pasar\u00e1 de ser una simulaci\u00f3n&nbsp;morenista, otra, orientada a dotar al Ejecutivo o reforzar en su caso el control que sobre la Suprema Corte o el Tribunal Electoral este no ha podido a\u00fan consolidar.<\/p>\n\n\n\n<p>El asunto es tal que tanto a nivel federal como estatal, dirigentes al m\u00e1s alto nivel del empresariado, las organizaciones sindicales y la Iglesia inclusive, no han dudado en externar su preocupaci\u00f3n ante el riesgo que la referida elecci\u00f3n de ministros, jueces o magistrados derive en la entrega del estrat\u00e9gico poder a operadores al servicio de pol\u00edticos o peor, a las organizaciones criminales que hoy por hoy controlan amplias zonas y estructuras a todo lo largo y ancho del territorio.<\/p>\n\n\n\n<p>Que nadie entonces se llame a sorpresa si pasado el 1 de junio, la siguiente quincena, comienza a evidenciarse un entorno donde a la violencia y consecuente inseguridad prevalecientes, deberemos agregar muestras de que el pa\u00eds acelera el paso hacia la consolidaci\u00f3n de un r\u00e9gimen dictatorial similar o &nbsp;igual a los prevalecientes en Venezuela o Cuba, aliados de turno de la 4T.<\/p>\n\n\n\n<p>Al tiempo\u2026<\/p>\n\n\n\n<h2 class=\"wp-block-heading\">&nbsp;<\/h2>\n\n\n\n<h2 class=\"wp-block-heading\"><strong>Asteriscos<\/strong><\/h2>\n\n\n\n<ul class=\"wp-block-list\">\n<li>Gestora con m\u00e1s de tres d\u00e9cadas de experiencia en el \u00e1mbito de la cultura, l\u00edder indiscutida en la gesti\u00f3n y colaboraci\u00f3n de instituciones tales como la Fundaci\u00f3n Olga y Rufino Tamayo, la regia\u00a0<strong>Sonya Santos\u00a0<\/strong>asumi\u00f3 como nueva titular del FONART con el objetivo de impulsar y preservar el arte popular. Gran acierto\u2026 \u00a0\u00a0<\/li>\n\n\n\n<li>Un acierto igual la decisi\u00f3n del rector de la Universidad Intercontinental (UIC)\u00a0<strong>Hugo Avenda\u00f1o<\/strong>\u00a0de apoyar el inicio de actividades de UICMedia, canal de televisi\u00f3n por YouTube operado por sus alumnos para difundir actividades acad\u00e9micas, culturales, deportivas y cient\u00edficas. Bien\u2026<\/li>\n<\/ul>\n\n\n\n<p>Ve\u00e1monos en 15 d\u00edas con otro asunto De Naturaleza Pol\u00edtica.<\/p>\n\n\n\n<p>POR&nbsp;ENRIQUE ARANDA<\/p>\n","protected":false},"excerpt":{"rendered":"<p>Quince d\u00edas escasos antes de la estrat\u00e9gica \u201celecci\u00f3n popular\u201d que dar\u00e1 paso a la renovaci\u00f3n del Poder Judicial nada parece m\u00e1s claro que, impulsada desde Palacio y la c\u00fapula del partido-gobierno y de la oposici\u00f3n tambi\u00e9n, aunque en \u00e9ste caso a nivel preferentemente estatal, la misma avanza hacia un despe\u00f1adero donde los m\u00e1s corruptos o [&hellip;]<\/p>\n","protected":false},"author":2,"featured_media":140957,"comment_status":"open","ping_status":"open","sticky":false,"template":"","format":"standard","meta":{"footnotes":""},"categories":[61],"tags":[],"class_list":["post-140956","post","type-post","status-publish","format-standard","has-post-thumbnail","hentry","category-politica"],"_links":{"self":[{"href":"http:\/\/elcuartopoder.com.mx\/nw\/wp-json\/wp\/v2\/posts\/140956","targetHints":{"allow":["GET"]}}],"collection":[{"href":"http:\/\/elcuartopoder.com.mx\/nw\/wp-json\/wp\/v2\/posts"}],"about":[{"href":"http:\/\/elcuartopoder.com.mx\/nw\/wp-json\/wp\/v2\/types\/post"}],"author":[{"embeddable":true,"href":"http:\/\/elcuartopoder.com.mx\/nw\/wp-json\/wp\/v2\/users\/2"}],"replies":[{"embeddable":true,"href":"http:\/\/elcuartopoder.com.mx\/nw\/wp-json\/wp\/v2\/comments?post=140956"}],"version-history":[{"count":1,"href":"http:\/\/elcuartopoder.com.mx\/nw\/wp-json\/wp\/v2\/posts\/140956\/revisions"}],"predecessor-version":[{"id":140958,"href":"http:\/\/elcuartopoder.com.mx\/nw\/wp-json\/wp\/v2\/posts\/140956\/revisions\/140958"}],"wp:featuredmedia":[{"embeddable":true,"href":"http:\/\/elcuartopoder.com.mx\/nw\/wp-json\/wp\/v2\/media\/140957"}],"wp:attachment":[{"href":"http:\/\/elcuartopoder.com.mx\/nw\/wp-json\/wp\/v2\/media?parent=140956"}],"wp:term":[{"taxonomy":"category","embeddable":true,"href":"http:\/\/elcuartopoder.com.mx\/nw\/wp-json\/wp\/v2\/categories?post=140956"},{"taxonomy":"post_tag","embeddable":true,"href":"http:\/\/elcuartopoder.com.mx\/nw\/wp-json\/wp\/v2\/tags?post=140956"}],"curies":[{"name":"wp","href":"https:\/\/api.w.org\/{rel}","templated":true}]}}