{"id":140959,"date":"2025-05-14T09:16:23","date_gmt":"2025-05-14T14:16:23","guid":{"rendered":"https:\/\/elcuartopoder.com.mx\/nw\/?p=140959"},"modified":"2025-05-14T09:16:25","modified_gmt":"2025-05-14T14:16:25","slug":"eu-acusa-por-narcoterrorismo-a-dos-integrantes-del-cartel-del-sinaloa","status":"publish","type":"post","link":"http:\/\/elcuartopoder.com.mx\/nw\/policiacas\/eu-acusa-por-narcoterrorismo-a-dos-integrantes-del-cartel-del-sinaloa\/","title":{"rendered":"EU acusa por &#8216;narcoterrorismo&#8217; a dos integrantes del C\u00e1rtel del Sinaloa"},"content":{"rendered":"\n<p>El Departamento de Justicia de Estados Unidos formaliz\u00f3 este martes la primera acusaci\u00f3n por narcoterrorismo a dos integrantes del C\u00e1rtel de Sinaloa.<\/p>\n\n\n\n<p>Pedro Inzunza Noriega, \u201cEl Sagitario\u201d, y su hijo Pedro Inzunza Coronel, \u201cEl Pich\u00f3n\u201d, fueron acusados de narcoterrorismo y apoyo sustancial al narcoterrorismo ante la corte federal de San Diego, California. Ambos est\u00e1n libres.<\/p>\n\n\n\n<p>Las autoridades estadunidenses los se\u00f1alan de haber traficado toneladas de coca\u00edna, hero\u00edna, metanfetaminas y ahora fentanilo a los Estados Unidos, como l\u00edderes del grupo Beltr\u00e1n Leyva, al que Washington identifica como c\u00e9lula del C\u00e1rtel de Sinaloa.<\/p>\n\n\n\n<p>\u201cSe trata de los l\u00edderes de una de las m\u00e1s sofisticadas redes de producci\u00f3n de fentanilo\u201d, se\u00f1alaron los fiscales del caso en conferencia de prensa realizada este martes.<\/p>\n\n\n\n<p>Es la primera ocasi\u00f3n que se presentan cargos por narcoterrorismo relacionado con el tr\u00e1fico de drogas por parte de presuntos integrantes de un c\u00e1rtel mexicano, y se da a partir de la declaratoria como \u201corganizaciones terroristas\u201d emitida por el presidente Donald Trump contra grupos criminales de naciones de la regi\u00f3n, entre ellos los c\u00e1rteles mexicanos.<\/p>\n\n\n\n<p>\u201cLos perseguiremos hasta que en ultima instancia encuentren su destino en una sala del tribunal en el Distrito Sur de California\u201d, asever\u00f3 durante la rueda de prensa el fiscal auxiliar ejecutivo del Departamento de Justicia, V\u00edctor Cu\u00e9n, quien ofreci\u00f3 el mensaje en espa\u00f1ol.<\/p>\n\n\n\n<p>Se\u00f1al\u00f3 que el principal imputado es Inzunza Noriega, al que de acuerdo a las investigaciones se le se\u00f1ala como \u201cuno de los distribuidores principales de coca\u00edna y, ahora fentanilo, que llega a Estados Unidos\u201d.<\/p>\n\n\n\n<p>El fiscal Cu\u00e9n a\u00f1adi\u00f3 que padre e hijo \u201chan traficado decenas de miles de kilogramos (de drogas) que ingresan a Estados Unidos\u201d.<\/p>\n\n\n\n<p>Destac\u00f3 que el pasado 3 de diciembre, las fuerzas de seguridad mexicanas realizaron una acci\u00f3n en Sinaloa contra de este grupo criminal donde se logr\u00f3 el decomiso de mil 500 kilogramos de fentanilo, lo cual refleja el tipo de operaciones que mantienen Inzunza Noriega e Inzunza Coronel.<\/p>\n\n\n\n<p>\u201cEstos dos acusados han brindado apoyo sustancial al terrorismo, esta acusaci\u00f3n formal es un paso en desarticular esta organizaci\u00f3n\u201d, sostuvo el fiscal auxiliar.<\/p>\n","protected":false},"excerpt":{"rendered":"<p>El Departamento de Justicia de Estados Unidos formaliz\u00f3 este martes la primera acusaci\u00f3n por narcoterrorismo a dos integrantes del C\u00e1rtel de Sinaloa. Pedro Inzunza Noriega, \u201cEl Sagitario\u201d, y su hijo Pedro Inzunza Coronel, \u201cEl Pich\u00f3n\u201d, fueron acusados de narcoterrorismo y apoyo sustancial al narcoterrorismo ante la corte federal de San Diego, California. Ambos est\u00e1n libres. [&hellip;]<\/p>\n","protected":false},"author":2,"featured_media":140960,"comment_status":"open","ping_status":"open","sticky":false,"template":"","format":"standard","meta":{"footnotes":""},"categories":[23],"tags":[],"class_list":["post-140959","post","type-post","status-publish","format-standard","has-post-thumbnail","hentry","category-policiacas"],"_links":{"self":[{"href":"http:\/\/elcuartopoder.com.mx\/nw\/wp-json\/wp\/v2\/posts\/140959","targetHints":{"allow":["GET"]}}],"collection":[{"href":"http:\/\/elcuartopoder.com.mx\/nw\/wp-json\/wp\/v2\/posts"}],"about":[{"href":"http:\/\/elcuartopoder.com.mx\/nw\/wp-json\/wp\/v2\/types\/post"}],"author":[{"embeddable":true,"href":"http:\/\/elcuartopoder.com.mx\/nw\/wp-json\/wp\/v2\/users\/2"}],"replies":[{"embeddable":true,"href":"http:\/\/elcuartopoder.com.mx\/nw\/wp-json\/wp\/v2\/comments?post=140959"}],"version-history":[{"count":1,"href":"http:\/\/elcuartopoder.com.mx\/nw\/wp-json\/wp\/v2\/posts\/140959\/revisions"}],"predecessor-version":[{"id":140961,"href":"http:\/\/elcuartopoder.com.mx\/nw\/wp-json\/wp\/v2\/posts\/140959\/revisions\/140961"}],"wp:featuredmedia":[{"embeddable":true,"href":"http:\/\/elcuartopoder.com.mx\/nw\/wp-json\/wp\/v2\/media\/140960"}],"wp:attachment":[{"href":"http:\/\/elcuartopoder.com.mx\/nw\/wp-json\/wp\/v2\/media?parent=140959"}],"wp:term":[{"taxonomy":"category","embeddable":true,"href":"http:\/\/elcuartopoder.com.mx\/nw\/wp-json\/wp\/v2\/categories?post=140959"},{"taxonomy":"post_tag","embeddable":true,"href":"http:\/\/elcuartopoder.com.mx\/nw\/wp-json\/wp\/v2\/tags?post=140959"}],"curies":[{"name":"wp","href":"https:\/\/api.w.org\/{rel}","templated":true}]}}