{"id":140963,"date":"2025-05-14T18:25:36","date_gmt":"2025-05-14T23:25:36","guid":{"rendered":"https:\/\/elcuartopoder.com.mx\/nw\/?p=140963"},"modified":"2025-05-14T18:25:38","modified_gmt":"2025-05-14T23:25:38","slug":"bill-gates-acusa-a-elon-musk-de-estar-involucrado-en-la-muerte-de-los-ninos-mas-pobres-del-mundo","status":"publish","type":"post","link":"http:\/\/elcuartopoder.com.mx\/nw\/entretenimiento\/tecnologia\/bill-gates-acusa-a-elon-musk-de-estar-involucrado-en-la-muerte-de-los-ninos-mas-pobres-del-mundo\/","title":{"rendered":"Bill Gates acusa a Elon Musk de \u00abestar involucrado en la muerte de los ni\u00f1os m\u00e1s pobres del mundo\u00bb"},"content":{"rendered":"\n<p><strong>Bill Gates<\/strong>, cofundador de Microsoft y genio de la inform\u00e1tica, ha atacado con dureza a la administraci\u00f3n\u00a0<strong>Donald Trump<\/strong>\u00a0y a\u00a0<strong>Elon Musk<\/strong>\u00a0por los recortes que est\u00e1 haciendo Estados Unidos en ayuda a pa\u00edses extranjeros. De acuerdo con el cocreador de Windows, la\u00a0desmantelaci\u00f3n de Usaid, la mayor red de ayuda al desarrollo del mundo, provocar\u00e1 un enorme aumento de las muertes infantiles.<\/p>\n\n\n\n<p>\u00abEn cuanto a las muertes infantiles, que en los pr\u00f3ximos a\u00f1os deber\u00edan haber pasado de cinco millones a cuatro millones, ahora, a menos que haya un cambio radical, probablemente pasaremos de cinco millones a seis millones\u00bb, ha afirmado Gates en una reciente\u00a0entrevista concedida a &#8216;The New York Times&#8217;\u00a0con motivo del plan del magnate de donar la totalidad de su fortuna antes de 2045.<\/p>\n\n\n\n<p>El ingeniero se\u00f1ala que no se esperaba que el Gobierno de Trump recortase tanto las ayudas a pa\u00edses extranjeros; en un primer momento, pens\u00f3 que ser\u00eda como mucho de un 20%. Sin embargo, llam\u00f3 la atenci\u00f3n de que en este momento el recorte ya ronda el 80%. Asimismo, apunt\u00f3 a Elon Musk como jefe de DOGE, que es el departamento de eficiencia gubernamental, como el principal causante: \u00abEl hombre m\u00e1s rico del mundo ha estado involucrado en la muerte de los ni\u00f1os m\u00e1s pobres del mundo\u00bb.<\/p>\n\n\n\n<p>Cabe recordar que el apoyo de Elon Musk a Donald Trump, as\u00ed como su participaci\u00f3n en los recortes del gobierno, han provocado importantes da\u00f1os a la imagen del empresario y a las numerosas empresas de las que es propietario. Las ganancias de Tesla, la principal fuente de ingresos del sudafricano, cayeron un 71% a causa de su incursi\u00f3n en la pol\u00edtica.<\/p>\n\n\n\n<p>Otros negocios de Musk, como X, antes Twitter, tambi\u00e9n se han visto afectados. De acuerdo con los datos de la propia red social, en los \u00faltimos cinco meses ha perdido m\u00e1s de 10 millones de usuarios en Europa. Aunque no existe informaci\u00f3n interna sobre el n\u00famero de internautas en Estados Unidos, es probable que este tambi\u00e9n haya descendido, de acuerdo con estudios externos.<\/p>\n","protected":false},"excerpt":{"rendered":"<p>Bill Gates, cofundador de Microsoft y genio de la inform\u00e1tica, ha atacado con dureza a la administraci\u00f3n\u00a0Donald Trump\u00a0y a\u00a0Elon Musk\u00a0por los recortes que est\u00e1 haciendo Estados Unidos en ayuda a pa\u00edses extranjeros. De acuerdo con el cocreador de Windows, la\u00a0desmantelaci\u00f3n de Usaid, la mayor red de ayuda al desarrollo del mundo, provocar\u00e1 un enorme aumento [&hellip;]<\/p>\n","protected":false},"author":2,"featured_media":140964,"comment_status":"open","ping_status":"open","sticky":false,"template":"","format":"standard","meta":{"footnotes":""},"categories":[57],"tags":[],"class_list":["post-140963","post","type-post","status-publish","format-standard","has-post-thumbnail","hentry","category-tecnologia"],"_links":{"self":[{"href":"http:\/\/elcuartopoder.com.mx\/nw\/wp-json\/wp\/v2\/posts\/140963","targetHints":{"allow":["GET"]}}],"collection":[{"href":"http:\/\/elcuartopoder.com.mx\/nw\/wp-json\/wp\/v2\/posts"}],"about":[{"href":"http:\/\/elcuartopoder.com.mx\/nw\/wp-json\/wp\/v2\/types\/post"}],"author":[{"embeddable":true,"href":"http:\/\/elcuartopoder.com.mx\/nw\/wp-json\/wp\/v2\/users\/2"}],"replies":[{"embeddable":true,"href":"http:\/\/elcuartopoder.com.mx\/nw\/wp-json\/wp\/v2\/comments?post=140963"}],"version-history":[{"count":1,"href":"http:\/\/elcuartopoder.com.mx\/nw\/wp-json\/wp\/v2\/posts\/140963\/revisions"}],"predecessor-version":[{"id":140965,"href":"http:\/\/elcuartopoder.com.mx\/nw\/wp-json\/wp\/v2\/posts\/140963\/revisions\/140965"}],"wp:featuredmedia":[{"embeddable":true,"href":"http:\/\/elcuartopoder.com.mx\/nw\/wp-json\/wp\/v2\/media\/140964"}],"wp:attachment":[{"href":"http:\/\/elcuartopoder.com.mx\/nw\/wp-json\/wp\/v2\/media?parent=140963"}],"wp:term":[{"taxonomy":"category","embeddable":true,"href":"http:\/\/elcuartopoder.com.mx\/nw\/wp-json\/wp\/v2\/categories?post=140963"},{"taxonomy":"post_tag","embeddable":true,"href":"http:\/\/elcuartopoder.com.mx\/nw\/wp-json\/wp\/v2\/tags?post=140963"}],"curies":[{"name":"wp","href":"https:\/\/api.w.org\/{rel}","templated":true}]}}