{"id":140969,"date":"2025-05-14T18:28:46","date_gmt":"2025-05-14T23:28:46","guid":{"rendered":"https:\/\/elcuartopoder.com.mx\/nw\/?p=140969"},"modified":"2025-05-14T18:28:48","modified_gmt":"2025-05-14T23:28:48","slug":"martinelli-lo-hace-otra-vez-esquiva-la-justicia-y-se-asila-en-colombia","status":"publish","type":"post","link":"http:\/\/elcuartopoder.com.mx\/nw\/politica\/martinelli-lo-hace-otra-vez-esquiva-la-justicia-y-se-asila-en-colombia\/","title":{"rendered":"Martinelli lo hace otra vez: esquiva la justicia y se asila en Colombia"},"content":{"rendered":"\n<p>El expresidente de Panam\u00e1, Ricardo Martinelli (2009-2014) es ahora, oficialmente, un asilado pol\u00edtico en Colombia. Martinelli, condenado a m\u00e1s de 10 a\u00f1os de prisi\u00f3n por lavado de dinero por el caso conocido como New Business, se encontraba refugiado en la Embajada de Nicaragua \u2026<\/p>\n","protected":false},"excerpt":{"rendered":"<p>El expresidente de Panam\u00e1, Ricardo Martinelli (2009-2014) es ahora, oficialmente, un asilado pol\u00edtico en Colombia. Martinelli, condenado a m\u00e1s de 10 a\u00f1os de prisi\u00f3n por lavado de dinero por el caso conocido como New Business, se encontraba refugiado en la Embajada de Nicaragua \u2026<\/p>\n","protected":false},"author":2,"featured_media":140970,"comment_status":"open","ping_status":"open","sticky":false,"template":"","format":"standard","meta":{"footnotes":""},"categories":[61],"tags":[],"class_list":["post-140969","post","type-post","status-publish","format-standard","has-post-thumbnail","hentry","category-politica"],"_links":{"self":[{"href":"http:\/\/elcuartopoder.com.mx\/nw\/wp-json\/wp\/v2\/posts\/140969","targetHints":{"allow":["GET"]}}],"collection":[{"href":"http:\/\/elcuartopoder.com.mx\/nw\/wp-json\/wp\/v2\/posts"}],"about":[{"href":"http:\/\/elcuartopoder.com.mx\/nw\/wp-json\/wp\/v2\/types\/post"}],"author":[{"embeddable":true,"href":"http:\/\/elcuartopoder.com.mx\/nw\/wp-json\/wp\/v2\/users\/2"}],"replies":[{"embeddable":true,"href":"http:\/\/elcuartopoder.com.mx\/nw\/wp-json\/wp\/v2\/comments?post=140969"}],"version-history":[{"count":1,"href":"http:\/\/elcuartopoder.com.mx\/nw\/wp-json\/wp\/v2\/posts\/140969\/revisions"}],"predecessor-version":[{"id":140971,"href":"http:\/\/elcuartopoder.com.mx\/nw\/wp-json\/wp\/v2\/posts\/140969\/revisions\/140971"}],"wp:featuredmedia":[{"embeddable":true,"href":"http:\/\/elcuartopoder.com.mx\/nw\/wp-json\/wp\/v2\/media\/140970"}],"wp:attachment":[{"href":"http:\/\/elcuartopoder.com.mx\/nw\/wp-json\/wp\/v2\/media?parent=140969"}],"wp:term":[{"taxonomy":"category","embeddable":true,"href":"http:\/\/elcuartopoder.com.mx\/nw\/wp-json\/wp\/v2\/categories?post=140969"},{"taxonomy":"post_tag","embeddable":true,"href":"http:\/\/elcuartopoder.com.mx\/nw\/wp-json\/wp\/v2\/tags?post=140969"}],"curies":[{"name":"wp","href":"https:\/\/api.w.org\/{rel}","templated":true}]}}