{"id":141089,"date":"2025-05-16T09:56:55","date_gmt":"2025-05-16T14:56:55","guid":{"rendered":"https:\/\/elcuartopoder.com.mx\/nw\/?p=141089"},"modified":"2025-05-16T09:56:56","modified_gmt":"2025-05-16T14:56:56","slug":"sep-confirma-la-fecha-del-inicio-de-las-vacaciones-de-verano-cuantos-dias-duraran","status":"publish","type":"post","link":"http:\/\/elcuartopoder.com.mx\/nw\/politica\/sep-confirma-la-fecha-del-inicio-de-las-vacaciones-de-verano-cuantos-dias-duraran\/","title":{"rendered":"SEP confirma la fecha del inicio de las vacaciones de verano, \u00bfcu\u00e1ntos d\u00edas durar\u00e1n?"},"content":{"rendered":"\n<p>La Secretar\u00eda de Educaci\u00f3n P\u00fablica (SEP) se posicion\u00f3 en el centro de la conversaci\u00f3n en plataformas digitales y esto se debe a que la referida dependencia ya dio a conocer la&nbsp;<strong>fecha exacta en la que dar\u00e1n inicio las vacaciones de verano<\/strong>&nbsp;para todos los estudiantes del nivel b\u00e1sico en el territorio nacional, por ello, en esta nota te diremos todo lo que hay que saber al respecto.<\/p>\n\n\n\n<p>Para empezar a abordar el tema es importante se\u00f1alar que el calendario escolar del<strong>&nbsp;ciclo escolar 2024-2025<\/strong>&nbsp;para el nivel b\u00e1sico de la Secretar\u00eda de Educaci\u00f3n P\u00fablica (SEP), contempla un total de 190 d\u00edas de clases efectivas y es aplicable para todas aquellas escuelas p\u00fablicas y privadas que est\u00e9n incorporadas al Sistema Educativo Nacional.<\/p>\n\n\n\n<p>Por otra parte, tambi\u00e9n se debe considerar que, en algunas entidades la<strong>&nbsp;Secretar\u00eda de Educaci\u00f3n P\u00fablica (SEP),&nbsp;<\/strong>ha aprobado distintas modificaciones al calendario escolar debido a situaciones clim\u00e1ticas, festividades y hasta por movilizaciones magisteriales, no obstante, se tiene previsto que el ciclo escolar 2024-2025 concluya en la misma fecha para todos los alumnos del nivel b\u00e1sico a nivel nacional.<\/p>\n\n\n\n<h2 class=\"wp-block-heading\">\u00bfCu\u00e1ndo comienzan las vacaciones de verano para las escuelas del nivel b\u00e1sico de la SEP?<\/h2>\n\n\n\n<p>Seg\u00fan lo que se indica en el calendario del ciclo escolar 2024-2025 de la<strong>&nbsp;Secretar\u00eda de Educaci\u00f3n P\u00fablica (SEP)<\/strong>, los alumnos de educaci\u00f3n b\u00e1sica de todo el territorio nacional podr\u00e1n disfrutar de<strong>&nbsp;tres fines de semana largos antes de que concluya en curso<\/strong>, el primero de ellos se originar\u00e1 por el descanso del pr\u00f3ximo viernes 30 de mayo, mientras que el segundo se dar\u00e1 por la suspensi\u00f3n de clases del viernes 27 de junio, en ambos casos no habr\u00e1 clases por la realizaci\u00f3n del Consejo T\u00e9cnico Escolar, mientras que el tercero ser\u00e1 el viernes 11 de julio debido a que en esta fecha los docentes llevar\u00e1n a cabo el registro de calificaciones.<\/p>\n\n\n\n<p>El&nbsp;<strong>\u00faltimo d\u00eda de clases&nbsp;<\/strong>para los alumnos de k\u00ednder, primaria y secundaria del ciclo escolar 2024-2025 est\u00e1 contemplado para el&nbsp;<strong>mi\u00e9rcoles 16 de julio,&nbsp;<\/strong>mientras que la entrega de boletas se realizar\u00e1 entre el jueves 17 y el viernes 18 y ser\u00e1 a partir del&nbsp;<strong>s\u00e1bado 19 de julio&nbsp;<\/strong>cuando inicien formalmente las&nbsp;<strong>vacaciones de verano&nbsp;<\/strong>de la Secretar\u00eda de Educaci\u00f3n P\u00fablica (SEP).<\/p>\n\n\n\n<figure class=\"wp-block-image\"><img decoding=\"async\" src=\"https:\/\/heraldodemexico.com.mx\/u\/fotografias\/m\/2025\/5\/15\/f768x1-1127568_1127695_5050.jpg\" alt=\"\"\/><figcaption class=\"wp-element-caption\">As\u00ed qued\u00f3 el calendario de la SEP para el cierre del ciclo escolar 2024-2025. Foto: Cuartoscuro&nbsp;<\/figcaption><\/figure>\n\n\n\n<p>Es importante se\u00f1alar que la Secretar\u00eda de Educaci\u00f3n P\u00fablica (SEP), todav\u00eda no ha publicado el calendario del ciclo escolar 2025-2026 por lo que&nbsp;<strong>a\u00fan&nbsp;no se sabe cu\u00e1ntos d\u00edas durar\u00e1 el periodo vacacional de verano<\/strong>, por lo que se recomienda mantenerse atentos a las publicaciones que realice la referida dependencia pues se tiene previsto que sea en los pr\u00f3ximos d\u00edas cuando se realice la publicaci\u00f3n del documento en cuesti\u00f3n, en el cual, se indicar\u00e1 la fecha del regreso a clases.&nbsp;<\/p>\n","protected":false},"excerpt":{"rendered":"<p>La Secretar\u00eda de Educaci\u00f3n P\u00fablica (SEP) se posicion\u00f3 en el centro de la conversaci\u00f3n en plataformas digitales y esto se debe a que la referida dependencia ya dio a conocer la&nbsp;fecha exacta en la que dar\u00e1n inicio las vacaciones de verano&nbsp;para todos los estudiantes del nivel b\u00e1sico en el territorio nacional, por ello, en esta [&hellip;]<\/p>\n","protected":false},"author":2,"featured_media":141090,"comment_status":"open","ping_status":"open","sticky":false,"template":"","format":"standard","meta":{"footnotes":""},"categories":[61],"tags":[],"class_list":["post-141089","post","type-post","status-publish","format-standard","has-post-thumbnail","hentry","category-politica"],"_links":{"self":[{"href":"http:\/\/elcuartopoder.com.mx\/nw\/wp-json\/wp\/v2\/posts\/141089","targetHints":{"allow":["GET"]}}],"collection":[{"href":"http:\/\/elcuartopoder.com.mx\/nw\/wp-json\/wp\/v2\/posts"}],"about":[{"href":"http:\/\/elcuartopoder.com.mx\/nw\/wp-json\/wp\/v2\/types\/post"}],"author":[{"embeddable":true,"href":"http:\/\/elcuartopoder.com.mx\/nw\/wp-json\/wp\/v2\/users\/2"}],"replies":[{"embeddable":true,"href":"http:\/\/elcuartopoder.com.mx\/nw\/wp-json\/wp\/v2\/comments?post=141089"}],"version-history":[{"count":1,"href":"http:\/\/elcuartopoder.com.mx\/nw\/wp-json\/wp\/v2\/posts\/141089\/revisions"}],"predecessor-version":[{"id":141091,"href":"http:\/\/elcuartopoder.com.mx\/nw\/wp-json\/wp\/v2\/posts\/141089\/revisions\/141091"}],"wp:featuredmedia":[{"embeddable":true,"href":"http:\/\/elcuartopoder.com.mx\/nw\/wp-json\/wp\/v2\/media\/141090"}],"wp:attachment":[{"href":"http:\/\/elcuartopoder.com.mx\/nw\/wp-json\/wp\/v2\/media?parent=141089"}],"wp:term":[{"taxonomy":"category","embeddable":true,"href":"http:\/\/elcuartopoder.com.mx\/nw\/wp-json\/wp\/v2\/categories?post=141089"},{"taxonomy":"post_tag","embeddable":true,"href":"http:\/\/elcuartopoder.com.mx\/nw\/wp-json\/wp\/v2\/tags?post=141089"}],"curies":[{"name":"wp","href":"https:\/\/api.w.org\/{rel}","templated":true}]}}