{"id":141102,"date":"2025-05-16T10:05:10","date_gmt":"2025-05-16T15:05:10","guid":{"rendered":"https:\/\/elcuartopoder.com.mx\/nw\/?p=141102"},"modified":"2025-05-16T10:05:12","modified_gmt":"2025-05-16T15:05:12","slug":"no-basta-el-aumento-salarial-del-9-por-ciento-cnte","status":"publish","type":"post","link":"http:\/\/elcuartopoder.com.mx\/nw\/nacionales\/no-basta-el-aumento-salarial-del-9-por-ciento-cnte\/","title":{"rendered":"\u00abNo basta\u00bb el aumento salarial del 9 por ciento: CNTE"},"content":{"rendered":"\n<p><em>Ciudad de M\u00e9xico.&nbsp;<\/em>Poco antes del mediod\u00eda y con un sol a plomo, miles de maestros arribaron a la plancha del z\u00f3calo capitalino que permanece ocupada por cientos de casas de campa\u00f1a multicolores, que se desbordan hasta las calles aleda\u00f1as como Palma, 20 de noviembre y 5 de febrero.<\/p>\n\n\n\n<p>En el mitin pol\u00edtico, que realizan frente a Palacio Nacional, la dirigencia de la Coordinadora Nacional de Trabajadores de la Educaci\u00f3n (CNTE) se\u00f1al\u00f3 que \u201cno basta\u201d con el anuncio de incremento salarial dado a conocer por el gobierno federal, de un 9 por ciento global para todos los trabajadores de la educaci\u00f3n.<\/p>\n\n\n\n<p>Pedro Hern\u00e1ndez Morales, secretario general de la secci\u00f3n 9 de Ciudad de M\u00e9xico, afirm\u00f3 que \u201choy muy cerca de aqu\u00ed se est\u00e1 festejando a un sector de los maestros, y se est\u00e1 dando un anuncio de un incremento salarial, pero aqu\u00ed estamos quienes buscamos recuperar un derecho que nos han quitado en beneficio de todos los trabajadores\u201d.<\/p>\n\n\n\n<p>En cuanto al anuncio de un aumento de 9 por ciento global como incremento a los trabajadores de la educaci\u00f3n en el pa\u00eds, dado a conocer por la presidenta Claudia Sheinbaum Pardo en la sede de la Secretar\u00eda de Educaci\u00f3n P\u00fablica (SEP), la maestra Eva Tera, secretaria general de la secci\u00f3n 18 de Michoac\u00e1n, afirm\u00f3 que \u201cese aumento no nos sirve. Con la inflaci\u00f3n se diluye, por lo que seguimos exigiendo un incremento de cien por ciento al salario\u201d.<\/p>\n\n\n\n<p>Indic\u00f3 que en la mesa de negociaci\u00f3n con el gobierno federal, \u201cvamos a seguir insistiendo en el derecho a tener un salario digno, y afirm\u00f3: el salario de la presidenta, para la maestra\u201d.<\/p>\n\n\n\n<p>Elvira Veleces, secretario general de la secci\u00f3n 14 de Guerrero, afirm\u00f3 que \u201cnuestras demandas son justas, como abrogaci\u00f3n de la Ley del Issste de 2007 y la reforma educativa pe\u00f1ista\u201d. Y record\u00f3 que en el gobierno pasado, del presidente Andr\u00e9s Manuel L\u00f3pez Obrador, \u201cs\u00f3lo se le quit\u00f3 lo punitivo a esta reforma, y se qued\u00f3 todo lo dem\u00e1s, como la Unidad para el Servicio de la Carrera de Las Maestros y Los Maestros (Usicamm)\u201d.<\/p>\n\n\n\n<p>Desde aqu\u00ed, afirm\u00f3, le decimos a la presidenta Sheinbaum Pardo, que nuestras demandas \u201cson justas y firmes. Y hemos demostrado que no se est\u00e1 recociendo al magisterio con esos incrementos y apoyos que anuncian. Se trata de que escuchen al magisterio y atiendan las demandas\u201d.<\/p>\n\n\n\n<p>Dirigentes de la CNTE afirmaron que la huelga y el plant\u00f3n nacional, \u201ces resultado de una amplia consulta a los maestros de base, donde hemos construido un apoyo horizontal para ir por la defensa de nuestros derechos, pero tambi\u00e9n por preservar una educaci\u00f3n p\u00fablica y laica\u201d.<\/p>\n\n\n\n<p>Pese al intenso calor, miles de maestros permanecen en el mitin pol\u00edtico, en el que la dirigencia magisterial reitera su llamado al gobierno federal para establecer cuanto antes una mesa de di\u00e1logo.<\/p>\n\n\n\n<p>Filiberto Fraustro, secretario general de la secci\u00f3n 34 de Zacatecas, exhort\u00f3 a todos los trabajadores del pa\u00eds, a sumarse a esta huelga, y \u201cque paren todos, porque cuando una lucha es justa, es el motor de las transformaciones sociales\u201d.<\/p>\n\n\n\n<p>Luego de concluir el mitin, los dirigentes de la CNTE, anunciaron que por la noche sesionaran en Asamblea Nacional Representativa, donde \u201charemos un balance de esta hist\u00f3rica jornada de lucha, y definir el plan de acci\u00f3n para los pr\u00f3ximos d\u00edas\u201d.<\/p>\n","protected":false},"excerpt":{"rendered":"<p>Ciudad de M\u00e9xico.&nbsp;Poco antes del mediod\u00eda y con un sol a plomo, miles de maestros arribaron a la plancha del z\u00f3calo capitalino que permanece ocupada por cientos de casas de campa\u00f1a multicolores, que se desbordan hasta las calles aleda\u00f1as como Palma, 20 de noviembre y 5 de febrero. En el mitin pol\u00edtico, que realizan frente [&hellip;]<\/p>\n","protected":false},"author":2,"featured_media":141103,"comment_status":"open","ping_status":"open","sticky":false,"template":"","format":"standard","meta":{"footnotes":""},"categories":[55],"tags":[],"class_list":["post-141102","post","type-post","status-publish","format-standard","has-post-thumbnail","hentry","category-nacionales"],"_links":{"self":[{"href":"http:\/\/elcuartopoder.com.mx\/nw\/wp-json\/wp\/v2\/posts\/141102","targetHints":{"allow":["GET"]}}],"collection":[{"href":"http:\/\/elcuartopoder.com.mx\/nw\/wp-json\/wp\/v2\/posts"}],"about":[{"href":"http:\/\/elcuartopoder.com.mx\/nw\/wp-json\/wp\/v2\/types\/post"}],"author":[{"embeddable":true,"href":"http:\/\/elcuartopoder.com.mx\/nw\/wp-json\/wp\/v2\/users\/2"}],"replies":[{"embeddable":true,"href":"http:\/\/elcuartopoder.com.mx\/nw\/wp-json\/wp\/v2\/comments?post=141102"}],"version-history":[{"count":1,"href":"http:\/\/elcuartopoder.com.mx\/nw\/wp-json\/wp\/v2\/posts\/141102\/revisions"}],"predecessor-version":[{"id":141104,"href":"http:\/\/elcuartopoder.com.mx\/nw\/wp-json\/wp\/v2\/posts\/141102\/revisions\/141104"}],"wp:featuredmedia":[{"embeddable":true,"href":"http:\/\/elcuartopoder.com.mx\/nw\/wp-json\/wp\/v2\/media\/141103"}],"wp:attachment":[{"href":"http:\/\/elcuartopoder.com.mx\/nw\/wp-json\/wp\/v2\/media?parent=141102"}],"wp:term":[{"taxonomy":"category","embeddable":true,"href":"http:\/\/elcuartopoder.com.mx\/nw\/wp-json\/wp\/v2\/categories?post=141102"},{"taxonomy":"post_tag","embeddable":true,"href":"http:\/\/elcuartopoder.com.mx\/nw\/wp-json\/wp\/v2\/tags?post=141102"}],"curies":[{"name":"wp","href":"https:\/\/api.w.org\/{rel}","templated":true}]}}