{"id":141105,"date":"2025-05-16T10:06:34","date_gmt":"2025-05-16T15:06:34","guid":{"rendered":"https:\/\/elcuartopoder.com.mx\/nw\/?p=141105"},"modified":"2025-05-16T10:06:35","modified_gmt":"2025-05-16T15:06:35","slug":"capturan-a-3-del-cartel-los-cabreramz-uno-de-ellos-se-hizo-pasar-como-miembro-activo-de-semar","status":"publish","type":"post","link":"http:\/\/elcuartopoder.com.mx\/nw\/policiacas\/capturan-a-3-del-cartel-los-cabreramz-uno-de-ellos-se-hizo-pasar-como-miembro-activo-de-semar\/","title":{"rendered":"Capturan a 3 del c\u00e1rtel Los CabreraMZ; uno de ellos se hizo pasar como miembro activo de Semar"},"content":{"rendered":"\n<p><em>Ciudad de M\u00e9xico.&nbsp;<\/em>Elementos de la Secretar\u00eda de Marina-Armada de M\u00e9xico (Semar) detuvieron a tres integrantes de una c\u00e9lula del C\u00e1rtel de Sinaloa que opera en la regi\u00f3n de Ixtepec, Oaxaca, identificada como Los CabreraMZ, y uno de ellos se ostent\u00f3 como teniente de corbeta del servicio de justicia naval.<\/p>\n\n\n\n<p>Fuentes gubernamentales se\u00f1alaron que el detenido y que fue miembro activo de la Semar hasta 2022, fue identificado como Armando \u201cN\u201d, ante ello la instituci\u00f3n naval refiri\u00f3 que \u201creitera su compromiso irrestricto con la legalidad y el estado de derecho, y hace \u00e9nfasis en que mantiene una pol\u00edtica de cero tolerancia ante cualquier conducta delictiva o contraria a los principios de honor, deber, lealtad y patriotismo. Ning\u00fan acto que atente contra estos valores ser\u00e1 tolerado, sin importar el rango o la posici\u00f3n dentro de esta instituci\u00f3n\u201d.<\/p>\n\n\n\n<p>La detenci\u00f3n de los tres integrantes de Los CabreraMZ, se realiz\u00f3 en el marco de la llamada operaci\u00f3n \u201cSable Juchit\u00e1n\u201d, coordinada por la Fiscal\u00eda General del Estado de Oaxaca, y con la participaci\u00f3n de la Semar, la Secretar\u00eda de la Defensa Nacional Defensa), Guardia Nacional y la Polic\u00eda Estatal.<\/p>\n\n\n\n<p>Con base en el trabajo de inteligencia naval \u201cfue posible identificar y ubicar un veh\u00edculo en el que viajaban los objetivos, derivando en su detenci\u00f3n en flagrancia. A los presuntos responsables se les aseguraron armas de fuego y presunta droga.<\/p>\n\n\n\n<p>\u201cUno de los detenidos, identificado como Armando \u201cN\u201d, alias El Marino, se ostent\u00f3 como oficial\u201d en activo de la Semar, pero en realidad ocupaba una posici\u00f3n de segundo al mando de la estructura de la c\u00e9lula delictiva, que de acuerdo con fuentes gubernamentales, encabeza un hombre apodado El Gallero.<br><br>Los otros detenidos fueron identificados como Leonel \u201cC\u201d, Comandante 85, y Fidel \u201cM\u201d, El M4. Los tres fueron puestos a disposici\u00f3n de las autoridades para que dientan su situaci\u00f3n jur\u00eddica.<\/p>\n","protected":false},"excerpt":{"rendered":"<p>Ciudad de M\u00e9xico.&nbsp;Elementos de la Secretar\u00eda de Marina-Armada de M\u00e9xico (Semar) detuvieron a tres integrantes de una c\u00e9lula del C\u00e1rtel de Sinaloa que opera en la regi\u00f3n de Ixtepec, Oaxaca, identificada como Los CabreraMZ, y uno de ellos se ostent\u00f3 como teniente de corbeta del servicio de justicia naval. Fuentes gubernamentales se\u00f1alaron que el detenido [&hellip;]<\/p>\n","protected":false},"author":2,"featured_media":141106,"comment_status":"open","ping_status":"open","sticky":false,"template":"","format":"standard","meta":{"footnotes":""},"categories":[23],"tags":[],"class_list":["post-141105","post","type-post","status-publish","format-standard","has-post-thumbnail","hentry","category-policiacas"],"_links":{"self":[{"href":"http:\/\/elcuartopoder.com.mx\/nw\/wp-json\/wp\/v2\/posts\/141105","targetHints":{"allow":["GET"]}}],"collection":[{"href":"http:\/\/elcuartopoder.com.mx\/nw\/wp-json\/wp\/v2\/posts"}],"about":[{"href":"http:\/\/elcuartopoder.com.mx\/nw\/wp-json\/wp\/v2\/types\/post"}],"author":[{"embeddable":true,"href":"http:\/\/elcuartopoder.com.mx\/nw\/wp-json\/wp\/v2\/users\/2"}],"replies":[{"embeddable":true,"href":"http:\/\/elcuartopoder.com.mx\/nw\/wp-json\/wp\/v2\/comments?post=141105"}],"version-history":[{"count":1,"href":"http:\/\/elcuartopoder.com.mx\/nw\/wp-json\/wp\/v2\/posts\/141105\/revisions"}],"predecessor-version":[{"id":141107,"href":"http:\/\/elcuartopoder.com.mx\/nw\/wp-json\/wp\/v2\/posts\/141105\/revisions\/141107"}],"wp:featuredmedia":[{"embeddable":true,"href":"http:\/\/elcuartopoder.com.mx\/nw\/wp-json\/wp\/v2\/media\/141106"}],"wp:attachment":[{"href":"http:\/\/elcuartopoder.com.mx\/nw\/wp-json\/wp\/v2\/media?parent=141105"}],"wp:term":[{"taxonomy":"category","embeddable":true,"href":"http:\/\/elcuartopoder.com.mx\/nw\/wp-json\/wp\/v2\/categories?post=141105"},{"taxonomy":"post_tag","embeddable":true,"href":"http:\/\/elcuartopoder.com.mx\/nw\/wp-json\/wp\/v2\/tags?post=141105"}],"curies":[{"name":"wp","href":"https:\/\/api.w.org\/{rel}","templated":true}]}}