{"id":141145,"date":"2025-06-30T08:23:46","date_gmt":"2025-06-30T13:23:46","guid":{"rendered":"https:\/\/elcuartopoder.com.mx\/nw\/?p=141145"},"modified":"2025-06-30T08:24:09","modified_gmt":"2025-06-30T13:24:09","slug":"aprueba-el-senado-la-nueva-ley-de-telecomunicaciones","status":"publish","type":"post","link":"http:\/\/elcuartopoder.com.mx\/nw\/nacionales\/aprueba-el-senado-la-nueva-ley-de-telecomunicaciones\/","title":{"rendered":"Aprueba el Senado la nueva ley de telecomunicaciones"},"content":{"rendered":"\n<p>El Senado aprob\u00f3 anoche la nueva Ley en Materia de Telecomunicaciones y Radiodifusi\u00f3n, que tiene como eje el enfoque social en el uso del espectro radioel\u00e9ctrico, garantizar el acceso a Internet a quienes habitan en las zonas marginadas y fortalecer a los medios comunitarios ind\u00edgenas y afromexicanos, para los que habr\u00e1 nuevos mecanismos de financiamiento.<\/p>\n\n\n\n<p>El dictamen de la iniciativa de la presidenta Claudia Sheinbaum fue pr\u00e1cticamente restructurado con los cambios de fondo que se le hicieron, con base en las propuestas de concesionarios y expertos. Se elimin\u00f3 el art\u00edculo que permit\u00eda a la autoridad sacar del aire a plataformas digitales.<\/p>\n\n\n\n<p>Esa legislaci\u00f3n reglamentaria, que crea la Agencia de Transformaci\u00f3n Digital y Telecomunicaciones (ATDT), como nueva autoridad reguladora del sector, en lugar del Instituto Federal de Telecomunicaciones (Ifetel), en v\u00edas de extinci\u00f3n, fue aprobada con 77 votos a favor de Morena, PT , PVEM y MC y 30 en contra de PRI y PAN.<\/p>\n\n\n\n<p>Durante un acalorado debate de m\u00e1s de tres horas, pri\u00edstas y panistas sostuvieron que se mantiene la censura, ya que la ley es un instrumento de control, argumentos que repitieron una y otra vez, mezclados con insultos y descalificaciones a legisladores de Morena.<\/p>\n\n\n\n<p>Al presentar el dictamen, el senador Javier Corral resalt\u00f3 que uno de los mayores avances es el acceso al espectro radioel\u00e9ctrico a los medios comunitarios, que podr\u00e1n vender publicidad y recibir recursos de los presupuestos de comunicaci\u00f3n social de las dependencias p\u00fablicas.<\/p>\n\n\n\n<p>Rescata, asimismo, los derechos de las audiencias y cada concesionario deber\u00e1 contar con una defensor\u00eda propia, lo que permitir\u00e1 desmentir desinformaci\u00f3n o calumnias. Se modific\u00f3 la participaci\u00f3n del Estado en concesiones de uso comercial, para que no haya espacio de interpretaci\u00f3n de que se viola el T-MEC.<\/p>\n\n\n\n<p>Alejandra Barrales (MC), dijo que votar\u00edan a favor porque se escuch\u00f3 a la sociedad civil y las facultades excesivas que se daban a la ATDT se redujeron de 66 a nueve.<\/p>\n\n\n\n<p>Sin embargo, el coordinador del PAN, Ricardo Anaya, sostuvo que se mantiene la geolocalizaci\u00f3n en tiempo real de los tel\u00e9fonos y dem\u00e1s terminales m\u00f3viles, por lo que habr\u00e1 un gobierno esp\u00eda, argumento que tambi\u00e9n utilizaron los pri\u00edstas de manera reiterada.<\/p>\n\n\n\n<p>El ex pri\u00edsta y ahora senador del PVEM Jorge Carlos Mar\u00edn, con fina iron\u00eda les hizo notar que el art\u00edculo 190 de la Ley de Telecomunicaciones actual establece que se podr\u00e1 llevar a cabo la geolocalizaci\u00f3n de tel\u00e9fonos celulares y en otro art\u00edculo, el 183, se precisa que para ello se requiere un mandato judicial.<\/p>\n\n\n\n<p>Esas disposiciones estaban ya en la ley aprobada en 2014 por PRI y PAN. La ignorancia es temeraria, pero la estupidez m\u00e1s, recalc\u00f3 Ram\u00edrez Mar\u00edn, tomando esa \u00faltima frase que el senador Alejandro Moreno C\u00e1rdenas utiliz\u00f3 durante su confrontaci\u00f3n con el morenista \u00d3scar Cant\u00f3n.<\/p>\n\n\n\n<p>Se aprob\u00f3 una reserva de Morena para que la suspensi\u00f3n de transmisiones sea previo apercibimiento a los concesionarios y que los recursos de un fideicomiso del Ifetel se destinen a las liquidaciones de ese \u00f3rgano en extinci\u00f3n. La minuta se turn\u00f3 a la C\u00e1mara de Diputados.<\/p>\n\n\n\n<p>Fuente: La Jornada<\/p>\n","protected":false},"excerpt":{"rendered":"<p>El Senado aprob\u00f3 anoche la nueva Ley en Materia de Telecomunicaciones y Radiodifusi\u00f3n, que tiene como eje el enfoque social en el uso del espectro radioel\u00e9ctrico, garantizar el acceso a Internet a quienes habitan en las zonas marginadas y fortalecer a los medios comunitarios ind\u00edgenas y afromexicanos, para los que habr\u00e1 nuevos mecanismos de financiamiento. [&hellip;]<\/p>\n","protected":false},"author":2,"featured_media":141146,"comment_status":"open","ping_status":"open","sticky":false,"template":"","format":"standard","meta":{"footnotes":""},"categories":[55],"tags":[],"class_list":["post-141145","post","type-post","status-publish","format-standard","has-post-thumbnail","hentry","category-nacionales"],"_links":{"self":[{"href":"http:\/\/elcuartopoder.com.mx\/nw\/wp-json\/wp\/v2\/posts\/141145","targetHints":{"allow":["GET"]}}],"collection":[{"href":"http:\/\/elcuartopoder.com.mx\/nw\/wp-json\/wp\/v2\/posts"}],"about":[{"href":"http:\/\/elcuartopoder.com.mx\/nw\/wp-json\/wp\/v2\/types\/post"}],"author":[{"embeddable":true,"href":"http:\/\/elcuartopoder.com.mx\/nw\/wp-json\/wp\/v2\/users\/2"}],"replies":[{"embeddable":true,"href":"http:\/\/elcuartopoder.com.mx\/nw\/wp-json\/wp\/v2\/comments?post=141145"}],"version-history":[{"count":1,"href":"http:\/\/elcuartopoder.com.mx\/nw\/wp-json\/wp\/v2\/posts\/141145\/revisions"}],"predecessor-version":[{"id":141147,"href":"http:\/\/elcuartopoder.com.mx\/nw\/wp-json\/wp\/v2\/posts\/141145\/revisions\/141147"}],"wp:featuredmedia":[{"embeddable":true,"href":"http:\/\/elcuartopoder.com.mx\/nw\/wp-json\/wp\/v2\/media\/141146"}],"wp:attachment":[{"href":"http:\/\/elcuartopoder.com.mx\/nw\/wp-json\/wp\/v2\/media?parent=141145"}],"wp:term":[{"taxonomy":"category","embeddable":true,"href":"http:\/\/elcuartopoder.com.mx\/nw\/wp-json\/wp\/v2\/categories?post=141145"},{"taxonomy":"post_tag","embeddable":true,"href":"http:\/\/elcuartopoder.com.mx\/nw\/wp-json\/wp\/v2\/tags?post=141145"}],"curies":[{"name":"wp","href":"https:\/\/api.w.org\/{rel}","templated":true}]}}