{"id":141303,"date":"2025-07-01T13:37:28","date_gmt":"2025-07-01T18:37:28","guid":{"rendered":"https:\/\/elcuartopoder.com.mx\/nw\/?p=141303"},"modified":"2025-07-01T13:37:30","modified_gmt":"2025-07-01T18:37:30","slug":"detectan-en-guanajuato-irregularidades-por-casi-250-mpd-en-aplicacion-del-fidesseg","status":"publish","type":"post","link":"http:\/\/elcuartopoder.com.mx\/nw\/economia\/detectan-en-guanajuato-irregularidades-por-casi-250-mpd-en-aplicacion-del-fidesseg\/","title":{"rendered":"Detectan en Guanajuato irregularidades por casi 250 mpd en aplicaci\u00f3n del Fidesseg"},"content":{"rendered":"\n<p>El Consejo Coordinador Empresarial de Le\u00f3n tramit\u00f3 el amparo indirecto 1257\/2024-VII contra el proceso de dictaminaci\u00f3n de la auditor\u00eda en el Congreso de Guanajuato.<\/p>\n\n\n\n<p><em>Le\u00f3n, Gto<\/em>. La gobernadora, Libia Garc\u00eda Mu\u00f1oz Ledo, exhort\u00f3 a los empresarios que han tramitado amparos contra la desaparici\u00f3n del Fideicomiso para Financiar Obras de Desarrollo Social y de Seguridad (Fidesseg) a dialogar para que no \u201csigamos trabados en tribunales\u201d, pero se tendr\u00e1 que reintegrar el dinero observado por la Auditor\u00eda Superior del Estado de Guanajuato (ASEG).<\/p>\n\n\n\n<p>La Auditor\u00eda Superior detect\u00f3 irregularidades por casi 250 millones de pesos en la aplicaci\u00f3n del dinero del Fidesseg y recomend\u00f3 recuperar 170 millones 668 mil pesos.<\/p>\n\n\n\n<p>El Consejo Coordinador Empresarial de Le\u00f3n (CCEL) tramit\u00f3 el amparo indirecto 1257\/2024-VII contra el proceso de dictaminaci\u00f3n de la auditor\u00eda en el Congreso de Guanajuato.<\/p>\n\n\n\n<p>El titular del juzgado decimosegundo de distrito, Miguel \u00c1ngel M\u00e1rquez Solano, emiti\u00f3 una suspensi\u00f3n provisional para que el Congreso no \u201cremita el informe -de la auditor\u00eda- sancionado por el pleno a la Auditor\u00eda Superior del Estado\u201d.<\/p>\n\n\n\n<p>\u201cTodos los recursos p\u00fablicos est\u00e1n sujetos a auditor\u00eda, revisi\u00f3n, entonces yo creo que habr\u00e1 que estar observando. La auditor\u00eda ordena ciertos reintegros de recursos, pues hay que estar atentos y dar seguimiento muy puntual\u201d, declar\u00f3 Libia Garc\u00eda.<\/p>\n\n\n\n<p>Agreg\u00f3 que la visi\u00f3n es que el Fidesseg sea un instrumento para apoyar a las organizaciones, pero con transparencia y un correcto ejercicio de los recursos.<\/p>\n\n\n\n<p>\u201cNosotros estamos obligados como estado a observar la correcta aplicaci\u00f3n de los recursos\u201d, enfatiz\u00f3.<\/p>\n\n\n\n<p>La mandataria se pronunci\u00f3 a favor de entablar un di\u00e1logo con los organismos empresariales que han tramitado amparos contra la desaparici\u00f3n del Fidesseg y ahora contra el proceso de auditor\u00eda.<\/p>\n\n\n\n<p>\u201cSeguimos con los mecanismos de di\u00e1logo; yo creo que lo peor que puede ocurrir es que sigamos trabados en tribunales porque quienes est\u00e1n en medio son las organizaciones de la sociedad civil\u201d, manifest\u00f3.<\/p>\n\n\n\n<p>Revel\u00f3 que ha estado en contacto con fundaciones y los empresarios de esas organizaciones que han tramitado recursos legales.<\/p>\n\n\n\n<p>\u201c(Hay que) encontrar un camino que nos permita, al margen, pues, de las observaciones, porque esas tienen otro cauce legal, pero que podamos avanzar en este modelo que sea transparente y que, por supuesto, beneficia a las organizaciones\u201d, consider\u00f3.<\/p>\n\n\n\n<p>El Comit\u00e9 T\u00e9cnico del Fidesseg no ha podido sesionar por un recurso legal interpuesto por el CCEL para lanzar la convocatoria de 2025 para la asignaci\u00f3n de recursos, manifest\u00f3.<\/p>\n\n\n\n<p><strong>La auditor\u00eda<\/strong><\/p>\n\n\n\n<p>El 24 de octubre de 2024, el Congreso aprob\u00f3 auditar el Fidesseg, que con mil 506 millones de pesos financi\u00f3 342 proyectos de organizaciones y fundaciones.<\/p>\n\n\n\n<p>El 23 de octubre, la gobernadora, Libia Garc\u00eda Mu\u00f1oz Ledo, public\u00f3 en el Peri\u00f3dico Oficial del Estado el decreto para la desaparici\u00f3n del Fidesseg, creado el 9 de agosto de 2019 por el entonces mandatario, Diego Sinhue Rodr\u00edguez Vallejo.<\/p>\n\n\n\n<p>De acuerdo con el decreto de extinci\u00f3n, en el a\u00f1o 2021 apoyaron 23 proyectos con m\u00e1s de 84 millones de pesos; en el 2022, inyectaron m\u00e1s de 364 millones de pesos a 103 proyectos; en 2023, otorgaron m\u00e1s de 703 millones de pesos para 138 proyectos; y de enero a junio de 2024, entregaron m\u00e1s de 350 millones de pesos a 78 proyectos.<\/p>\n\n\n\n<p>\u00abHay que decirlo de manera clara, la transparencia no ha sido una caracter\u00edstica del fideicomiso\u00bb, lament\u00f3 la gobernadora en uno de sus programas \u00abConectando con la Gente\u00bb.<\/p>\n\n\n\n<p>La extinci\u00f3n fue frenada por los empresarios con el juicio de amparo indirecto 1210\/2024-VI.<\/p>\n\n\n\n<p>Fuente: La Jornada<\/p>\n","protected":false},"excerpt":{"rendered":"<p>El Consejo Coordinador Empresarial de Le\u00f3n tramit\u00f3 el amparo indirecto 1257\/2024-VII contra el proceso de dictaminaci\u00f3n de la auditor\u00eda en el Congreso de Guanajuato. Le\u00f3n, Gto. La gobernadora, Libia Garc\u00eda Mu\u00f1oz Ledo, exhort\u00f3 a los empresarios que han tramitado amparos contra la desaparici\u00f3n del Fideicomiso para Financiar Obras de Desarrollo Social y de Seguridad (Fidesseg) [&hellip;]<\/p>\n","protected":false},"author":2,"featured_media":141304,"comment_status":"open","ping_status":"open","sticky":false,"template":"","format":"standard","meta":{"footnotes":""},"categories":[1],"tags":[],"class_list":["post-141303","post","type-post","status-publish","format-standard","has-post-thumbnail","hentry","category-economia"],"_links":{"self":[{"href":"http:\/\/elcuartopoder.com.mx\/nw\/wp-json\/wp\/v2\/posts\/141303","targetHints":{"allow":["GET"]}}],"collection":[{"href":"http:\/\/elcuartopoder.com.mx\/nw\/wp-json\/wp\/v2\/posts"}],"about":[{"href":"http:\/\/elcuartopoder.com.mx\/nw\/wp-json\/wp\/v2\/types\/post"}],"author":[{"embeddable":true,"href":"http:\/\/elcuartopoder.com.mx\/nw\/wp-json\/wp\/v2\/users\/2"}],"replies":[{"embeddable":true,"href":"http:\/\/elcuartopoder.com.mx\/nw\/wp-json\/wp\/v2\/comments?post=141303"}],"version-history":[{"count":1,"href":"http:\/\/elcuartopoder.com.mx\/nw\/wp-json\/wp\/v2\/posts\/141303\/revisions"}],"predecessor-version":[{"id":141305,"href":"http:\/\/elcuartopoder.com.mx\/nw\/wp-json\/wp\/v2\/posts\/141303\/revisions\/141305"}],"wp:featuredmedia":[{"embeddable":true,"href":"http:\/\/elcuartopoder.com.mx\/nw\/wp-json\/wp\/v2\/media\/141304"}],"wp:attachment":[{"href":"http:\/\/elcuartopoder.com.mx\/nw\/wp-json\/wp\/v2\/media?parent=141303"}],"wp:term":[{"taxonomy":"category","embeddable":true,"href":"http:\/\/elcuartopoder.com.mx\/nw\/wp-json\/wp\/v2\/categories?post=141303"},{"taxonomy":"post_tag","embeddable":true,"href":"http:\/\/elcuartopoder.com.mx\/nw\/wp-json\/wp\/v2\/tags?post=141303"}],"curies":[{"name":"wp","href":"https:\/\/api.w.org\/{rel}","templated":true}]}}