{"id":141312,"date":"2025-07-02T09:01:52","date_gmt":"2025-07-02T14:01:52","guid":{"rendered":"https:\/\/elcuartopoder.com.mx\/nw\/?p=141312"},"modified":"2025-07-02T09:01:54","modified_gmt":"2025-07-02T14:01:54","slug":"acuerda-mara-lezama-apoyo-a-productores-caneros-para-regularizar-cuotas-ante-el-imss","status":"publish","type":"post","link":"http:\/\/elcuartopoder.com.mx\/nw\/estatales\/acuerda-mara-lezama-apoyo-a-productores-caneros-para-regularizar-cuotas-ante-el-imss\/","title":{"rendered":"Acuerda Mara Lezama apoyo a productores ca\u00f1eros para regularizar cuotas ante el IMSS"},"content":{"rendered":"\n<p><strong>CHETUMAL, MX.-<\/strong>&nbsp;Aunque ser\u00e1 el gobierno federal quien tenga la \u00faltima palabra en la soluci\u00f3n a la demanda de mayores apoyos para enfrentar lo que consideran la peor zafra de su historia y atender los da\u00f1os ocasionados por la lluvias intensas que dejaron las dos ondas tropicales, dirigentes de la Uni\u00f3n Local de Productores de Ca\u00f1a de Az\u00facar (ULPCA), Sergio Crisanto Mortero y de la Confederaci\u00f3n Nacional de Productores Rurales (CNPR), Benjam\u00edn Guti\u00e9rrez Reyes, obtuvieron el compromiso del gobierno del Estado de la regularizaci\u00f3n de cuotas del Instituto Mexicano del Seguro Social (IMSS).<\/p>\n\n\n\n<p>Durante una reuni\u00f3n con la gobernadora, Mara Lezama, acordada despu\u00e9s del plant\u00f3n frente a palacio de gobierno y el amago de bloqueo de varios puntos carreteros para ser escuchados, los dirigentes ca\u00f1eros insistieron en la necesidad de contar con apoyos econ\u00f3micos emergentes de siete mil pesos por hect\u00e1rea siniestrada, para cubrir labores agr\u00edcolas urgentes; adem\u00e1s de la entrega de 500 kilogramos de fertilizante por hect\u00e1rea as\u00ed como tambi\u00e9n tratamientos fitosanitarios para al menos tres aplicaciones por ciclo, para el combate del hongo Fusarium, y un paquete de foliar por hect\u00e1rea.<\/p>\n\n\n\n<p>Los representantes ca\u00f1eros pidieron la implementaci\u00f3n de un programa especial de rescate tipo \u201cSembrando Vida\u201d, que permita incorporar cultivos alternos como granos y leguminosas para rotaci\u00f3n y mejoramiento de suelos, ya que de continuar con la situaci\u00f3n actual \u201cla pr\u00f3xima zafra estar\u00eda en riesgo ya que hay cientos de productores sin posibilidades de continuar\u201d.<\/p>\n\n\n\n<figure class=\"wp-block-image\"><img decoding=\"async\" src=\"https:\/\/noticaribe.com.mx\/wp\/wp-content\/uploads\/2025\/07\/1000056886.jpg\" alt=\"\" class=\"wp-image-768225\"\/><\/figure>\n\n\n\n<p>Externaron su preocupaci\u00f3n por la falta de recursos para el pago de intereses de ca\u00f1eros con pagos pendientes con la Financiera Tlaloc de la Ciudad de M\u00e9xico, la cual suministra recursos e insumos para la producci\u00f3n, as\u00ed como los pagos atrasados de las cuotas con el IMSS por lo que pidieron facilidades para cubrirlos.<\/p>\n\n\n\n<p>Durante la reuni\u00f3n de trabajo, la gobernadora plante\u00f3 la situaci\u00f3n econ\u00f3mica por la que atraviesa la actividad, as\u00ed como el gobierno federal y los productores por lo que se hizo el compromiso de destinar una partida especial para apoyar a los productores con la regularizaci\u00f3n de pagos al IMSS a fin de evitar perder el subsidio de aproximadamente 11 mil pesos por productor. Por otra parte,&nbsp;tambi\u00e9n se efectuar\u00e1 un an\u00e1lisis de la situaci\u00f3n de cada ca\u00f1ero, y se iniciar\u00e1 con el apoyo a los m\u00e1s afectados o que quedaron en mayor afectaci\u00f3n de cartera vencida en el balance final de la zafra anterior.<\/p>\n\n\n\n<p>Los productores manifestaron que unos mil 200 productores pudieran ser beneficiados en el programa anunciado por la gobernadora aun cuando es la totalidad de ca\u00f1eros los afectados ya que no se pudieron cosechar 17 mil hect\u00e1reas de ca\u00f1a, que representan p\u00e9rdidas de aproximadamente mil 200 millones de pesos.<\/p>\n\n\n\n<figure class=\"wp-block-image\"><img decoding=\"async\" src=\"https:\/\/noticaribe.com.mx\/wp\/wp-content\/uploads\/2025\/07\/1000056887.jpg\" alt=\"\" class=\"wp-image-768226\"\/><\/figure>\n\n\n\n<p>En el encuentro acordaron pedir la instalaci\u00f3n de una mesa de trabajo nacional con la secretaria del Bienestar, Ariadna Montiel Reyes; el titular de la Secretar\u00eda de Agricultura y Desarrollo Rural, Julio Berdeg\u00f3 Sacrist\u00e1n; y el director general del IMSS, Zo\u00e9 Robledo Aburto, aunque depender\u00e1 de la agenda de los funcionarios federales.<\/p>\n\n\n\n<p>Los otros temas que conforman el pliego petitorio ser\u00e1n abordados en reuniones pr\u00f3ximas con integrantes del gabinete de la presidenta de M\u00e9xico, Claudia Sheinbaum Pardo. <\/p>\n\n\n\n<p>Fuente: <strong>Noticaribe<\/strong><\/p>\n","protected":false},"excerpt":{"rendered":"<p>CHETUMAL, MX.-&nbsp;Aunque ser\u00e1 el gobierno federal quien tenga la \u00faltima palabra en la soluci\u00f3n a la demanda de mayores apoyos para enfrentar lo que consideran la peor zafra de su historia y atender los da\u00f1os ocasionados por la lluvias intensas que dejaron las dos ondas tropicales, dirigentes de la Uni\u00f3n Local de Productores de Ca\u00f1a [&hellip;]<\/p>\n","protected":false},"author":2,"featured_media":141313,"comment_status":"open","ping_status":"open","sticky":false,"template":"","format":"standard","meta":{"footnotes":""},"categories":[60],"tags":[],"class_list":["post-141312","post","type-post","status-publish","format-standard","has-post-thumbnail","hentry","category-estatales"],"_links":{"self":[{"href":"http:\/\/elcuartopoder.com.mx\/nw\/wp-json\/wp\/v2\/posts\/141312","targetHints":{"allow":["GET"]}}],"collection":[{"href":"http:\/\/elcuartopoder.com.mx\/nw\/wp-json\/wp\/v2\/posts"}],"about":[{"href":"http:\/\/elcuartopoder.com.mx\/nw\/wp-json\/wp\/v2\/types\/post"}],"author":[{"embeddable":true,"href":"http:\/\/elcuartopoder.com.mx\/nw\/wp-json\/wp\/v2\/users\/2"}],"replies":[{"embeddable":true,"href":"http:\/\/elcuartopoder.com.mx\/nw\/wp-json\/wp\/v2\/comments?post=141312"}],"version-history":[{"count":1,"href":"http:\/\/elcuartopoder.com.mx\/nw\/wp-json\/wp\/v2\/posts\/141312\/revisions"}],"predecessor-version":[{"id":141314,"href":"http:\/\/elcuartopoder.com.mx\/nw\/wp-json\/wp\/v2\/posts\/141312\/revisions\/141314"}],"wp:featuredmedia":[{"embeddable":true,"href":"http:\/\/elcuartopoder.com.mx\/nw\/wp-json\/wp\/v2\/media\/141313"}],"wp:attachment":[{"href":"http:\/\/elcuartopoder.com.mx\/nw\/wp-json\/wp\/v2\/media?parent=141312"}],"wp:term":[{"taxonomy":"category","embeddable":true,"href":"http:\/\/elcuartopoder.com.mx\/nw\/wp-json\/wp\/v2\/categories?post=141312"},{"taxonomy":"post_tag","embeddable":true,"href":"http:\/\/elcuartopoder.com.mx\/nw\/wp-json\/wp\/v2\/tags?post=141312"}],"curies":[{"name":"wp","href":"https:\/\/api.w.org\/{rel}","templated":true}]}}