{"id":141339,"date":"2025-07-02T14:38:28","date_gmt":"2025-07-02T19:38:28","guid":{"rendered":"https:\/\/elcuartopoder.com.mx\/nw\/?p=141339"},"modified":"2025-07-02T14:38:29","modified_gmt":"2025-07-02T19:38:29","slug":"orlando-bloom-ya-habla-de-un-nuevo-comienzo-tras-su-separacion-de-katy-perry","status":"publish","type":"post","link":"http:\/\/elcuartopoder.com.mx\/nw\/entretenimiento\/espectaculos\/orlando-bloom-ya-habla-de-un-nuevo-comienzo-tras-su-separacion-de-katy-perry\/","title":{"rendered":"Orlando Bloom ya habla de \u00abun nuevo comienzo\u00bb tras su separaci\u00f3n de Katy Perry"},"content":{"rendered":"\n<h2 class=\"wp-block-heading\">El actor public\u00f3 en sus redes sociales un mensaje de Instagram que pronto adquiri\u00f3 un gran significado<\/h2>\n\n\n\n<h2 class=\"wp-block-heading\">Ninguno de los dos ha confirmado la ruptura, pero hace d\u00edas que se da por hecha<\/h2>\n\n\n\n<p>Ya lo sabe todo el mundo:\u00a0Orlando Bloom y Katy Perry\u00a0se han separado. Aunque todav\u00eda no ha habido un comunicado oficial, hace tiempo que se da por hecho y lo \u00faltimo que ha ocurrido viene a demostrarlo, pues\u00a0<strong>el actor ha emitido un mensaje en su Instagram<\/strong>\u00a0que inmediatamente se ha vinculado a su actual estado sentimental. \u00ab<strong>Cada d\u00eda es un nuevo comienzo<\/strong>\u00bb, ha dicho de forma tan inspiradora como cr\u00edptica.<\/p>\n\n\n\n<p>Orlando Bloom y Katy Perry llevaban casi diez a\u00f1os juntos y comparten una hija.\u00a0<strong>Ten\u00edan un compromiso de boda que ya no se cumplir\u00e1<\/strong>. Al menos, a fecha de hoy, cuando todos saben que ya son una expareja. Otra cosa es que haya una reconciliaci\u00f3n a medio plazo que ahora no se adivina.<\/p>\n\n\n\n<p>El actor ingl\u00e9s, de 48 a\u00f1os, rescat\u00f3 para sus redes sociales&nbsp;<strong>una serie de citas inspiradoras<\/strong>&nbsp;que incluy\u00f3 en sus historias de Instagram el lunes 30 de junio, d\u00edas despu\u00e9s de que se supiera su ruptura con la estrella del pop. Tom\u00f3 las citas de @taomeditations.<\/p>\n\n\n\n<h3 class=\"wp-block-heading\">Gautama Buda y m\u00e1s<\/h3>\n\n\n\n<p>Primero, Orlando Bloom comparti\u00f3 un dicho atribuido a Gautama Buda: \u00abCada d\u00eda es un nuevo comienzo.&nbsp;<strong>Lo que hacemos hoy es lo que m\u00e1s importa<\/strong>\u00bb. La banda sonora de la publicaci\u00f3n fue &#8216;A Gentle Sunlight&#8217; (un suave rayo de sol) de James Quinn. Y luego comparti\u00f3 otra frase, que tambi\u00e9n tuvo una carga profunda: \u00ab<strong>Lo importante es dar el primer paso<\/strong>. Superar con valent\u00eda un peque\u00f1o miedo te da el coraje para afrontar el siguiente\u00bb.<\/p>\n\n\n\n<p>Dicen que la ruptura data concretamente del 26 de junio que la pareja y ese d\u00eda tuvo que pasar tambi\u00e9n el trago de volar a Venecia solo para asistir a la boda de\u00a0Jeff Bezos\u00a0y\u00a0Lauren Sanchez. Probablemente\u00a0<strong>sin nada de ganas<\/strong>. Mientras tanto, Katy Perry continuaba con su gira mundial, una buena excusa para no estar en la boda de su compa\u00f1era de\u00a0<strong>su pol\u00e9mico vuelo espacial del Blue Origin<\/strong>.<\/p>\n\n\n\n<p>El actor de &#8216;El Se\u00f1or de los Anillos&#8217; fue fotografiado llegando a la ciudad italiana con ropa deportiva negra, incluyendo pantalones deportivos y una camiseta de entrenamiento. Tambi\u00e9n fue visto\u00a0<strong>saludando a las Kardashian<\/strong>\u00a0y conversando con la actriz\u00a0Sydney Sweeney\u00a0en un paseo entre canales. Dicen que se Bloom ha sido\u00a0<strong>una de las presencias m\u00e1s melanc\u00f3licas<\/strong>\u00a0de la extravagante boda.<\/p>\n\n\n\n<h3 class=\"wp-block-heading\">El lenguaje del amor<\/h3>\n\n\n\n<p>Katy Perry y Orlando Bloom se conocieron en&nbsp;<strong>una fiesta posterior a los Globos de Oro en 2016<\/strong>. Unos meses despu\u00e9s, oficializaron su relaci\u00f3n en Instagram tras asistir al Festival de Cine de Cannes. La pareja se separ\u00f3 brevemente en 2017 tras un a\u00f1o de noviazgo, pero se reconciliaron para febrero.<\/p>\n\n\n\n<p>La pareja se comprometi\u00f3 en febrero de 2019 y al a\u00f1o siguiente anunciaron que estaban esperando un beb\u00e9.&nbsp;<strong>Ten\u00edan previsto casarse en Jap\u00f3n en el verano de 2020<\/strong>, pero pospusieron su enlace debido a la pandemia del coronavirus. En agosto de 2020, la pareja dio la bienvenida a su hija, Daisy Dove. Bloom tambi\u00e9n es padre de Flynn, de 14 a\u00f1os, que tuvo con su exesposa Miranda Kerr.<\/p>\n\n\n\n<p>Katy Perry habl\u00f3 en enero de 2025 con &#8216;People&#8217; sobre c\u00f3mo compaginaba su relaci\u00f3n con Bloom y su profesi\u00f3n de cantante y las giras. \u00abHe hablado mucho sobre los lenguajes del amor y lo importantes que son para&nbsp;<strong>aprender el lenguaje del amor de tu pareja<\/strong>, e incluso si no es el tuyo, aprovecharlo para ella\u00bb. El lenguaje del amor se ha quedado mudo por el momento mientras Orlando Bloom busca nueva inspiraci\u00f3n.<\/p>\n\n\n\n<p>Fuente: ABC<\/p>\n","protected":false},"excerpt":{"rendered":"<p>El actor public\u00f3 en sus redes sociales un mensaje de Instagram que pronto adquiri\u00f3 un gran significado Ninguno de los dos ha confirmado la ruptura, pero hace d\u00edas que se da por hecha Ya lo sabe todo el mundo:\u00a0Orlando Bloom y Katy Perry\u00a0se han separado. Aunque todav\u00eda no ha habido un comunicado oficial, hace tiempo [&hellip;]<\/p>\n","protected":false},"author":2,"featured_media":141340,"comment_status":"open","ping_status":"open","sticky":false,"template":"","format":"standard","meta":{"footnotes":""},"categories":[11],"tags":[],"class_list":["post-141339","post","type-post","status-publish","format-standard","has-post-thumbnail","hentry","category-espectaculos"],"_links":{"self":[{"href":"http:\/\/elcuartopoder.com.mx\/nw\/wp-json\/wp\/v2\/posts\/141339","targetHints":{"allow":["GET"]}}],"collection":[{"href":"http:\/\/elcuartopoder.com.mx\/nw\/wp-json\/wp\/v2\/posts"}],"about":[{"href":"http:\/\/elcuartopoder.com.mx\/nw\/wp-json\/wp\/v2\/types\/post"}],"author":[{"embeddable":true,"href":"http:\/\/elcuartopoder.com.mx\/nw\/wp-json\/wp\/v2\/users\/2"}],"replies":[{"embeddable":true,"href":"http:\/\/elcuartopoder.com.mx\/nw\/wp-json\/wp\/v2\/comments?post=141339"}],"version-history":[{"count":1,"href":"http:\/\/elcuartopoder.com.mx\/nw\/wp-json\/wp\/v2\/posts\/141339\/revisions"}],"predecessor-version":[{"id":141341,"href":"http:\/\/elcuartopoder.com.mx\/nw\/wp-json\/wp\/v2\/posts\/141339\/revisions\/141341"}],"wp:featuredmedia":[{"embeddable":true,"href":"http:\/\/elcuartopoder.com.mx\/nw\/wp-json\/wp\/v2\/media\/141340"}],"wp:attachment":[{"href":"http:\/\/elcuartopoder.com.mx\/nw\/wp-json\/wp\/v2\/media?parent=141339"}],"wp:term":[{"taxonomy":"category","embeddable":true,"href":"http:\/\/elcuartopoder.com.mx\/nw\/wp-json\/wp\/v2\/categories?post=141339"},{"taxonomy":"post_tag","embeddable":true,"href":"http:\/\/elcuartopoder.com.mx\/nw\/wp-json\/wp\/v2\/tags?post=141339"}],"curies":[{"name":"wp","href":"https:\/\/api.w.org\/{rel}","templated":true}]}}