{"id":141345,"date":"2025-07-02T14:43:25","date_gmt":"2025-07-02T19:43:25","guid":{"rendered":"https:\/\/elcuartopoder.com.mx\/nw\/?p=141345"},"modified":"2025-07-02T14:43:28","modified_gmt":"2025-07-02T19:43:28","slug":"por-decreto-se-incorpora-imss-coplamar-al-regimen-ordinario-de-seguro-social","status":"publish","type":"post","link":"http:\/\/elcuartopoder.com.mx\/nw\/politica\/por-decreto-se-incorpora-imss-coplamar-al-regimen-ordinario-de-seguro-social\/","title":{"rendered":"Por decreto, se incorpora IMSS-COPLAMAR al r\u00e9gimen ordinario de seguro social"},"content":{"rendered":"\n<p>La presidenta de M\u00e9xico, Claudia Sheinbaum, durante su conferencia matutina en Palacio Nacional en la Ciudad de M\u00e9xico, tras la firma del decreto. Foto Presidencia<\/p>\n\n\n\n<p><em>Ciudad de M\u00e9xico.<\/em>&nbsp;La presidenta Claudia Sheinbaum Pardo firm\u00f3 esta ma\u00f1ana un decreto para incorporar el sistema IMSS-COPLAMAR al r\u00e9gimen ordinario del Seguro Social, con eso se dar\u00e1 atenci\u00f3n a m\u00e1s de 8.4 millones de personas sin derechohabiencia.<\/p>\n\n\n\n<p>En la ma\u00f1anera de este martes, el titular del IMSS, Zo\u00e9 Robledo, explic\u00f3 que el IMSS-COPLAMAR atiende actualmente a 10 millones de personas, de las cuales 2.4 millones son derechohabientes y el resto, 8.4 no tienen inscripci\u00f3n a la seguridad social.<\/p>\n\n\n\n<p>Detall\u00f3 que con esta decisi\u00f3n, los hospitales, el personal m\u00e9dico y los millones de usuarios se integrar\u00e1n al modelo de atenci\u00f3n m\u00e9dica universal del IMSS.<\/p>\n\n\n\n<p>Destac\u00f3 que tras 46 a\u00f1os de operaci\u00f3n, IMSS-COPLAMAR no concluye, sino que evoluciona para responder a las necesidades actuales de la poblaci\u00f3n en condiciones de alta marginaci\u00f3n.<\/p>\n\n\n\n<p>Este programa naci\u00f3 en 1979 como parte del sistema de solidaridad social, y actualmente opera en 19 estados con 81 hospitales, 3 mil 621 unidades m\u00e9dicas rurales, 184 brigadas m\u00f3viles y 140 unidades m\u00e9dicas m\u00f3viles.<\/p>\n\n\n\n<p>La integraci\u00f3n contempla el traspaso de 2 mil 730 camas hospitalarias, 93 quir\u00f3fanos, mil 98 consultorios de especialidad y 28 mil trabajadores al r\u00e9gimen ordinario del IMSS.<\/p>\n\n\n\n<p>De este personal, 7 mil 854 son m\u00e9dicos, 9 mil 250 enfermeras y mil 954 personas hablantes de lenguas ind\u00edgenas, lo que fortalecer\u00e1 la atenci\u00f3n con enfoque intercultural en comunidades rurales e ind\u00edgenas.<\/p>\n\n\n\n<p>Fuente: La Jornada<\/p>\n","protected":false},"excerpt":{"rendered":"<p>La presidenta de M\u00e9xico, Claudia Sheinbaum, durante su conferencia matutina en Palacio Nacional en la Ciudad de M\u00e9xico, tras la firma del decreto. Foto Presidencia Ciudad de M\u00e9xico.&nbsp;La presidenta Claudia Sheinbaum Pardo firm\u00f3 esta ma\u00f1ana un decreto para incorporar el sistema IMSS-COPLAMAR al r\u00e9gimen ordinario del Seguro Social, con eso se dar\u00e1 atenci\u00f3n a m\u00e1s [&hellip;]<\/p>\n","protected":false},"author":2,"featured_media":141346,"comment_status":"open","ping_status":"open","sticky":false,"template":"","format":"standard","meta":{"footnotes":""},"categories":[61],"tags":[],"class_list":["post-141345","post","type-post","status-publish","format-standard","has-post-thumbnail","hentry","category-politica"],"_links":{"self":[{"href":"http:\/\/elcuartopoder.com.mx\/nw\/wp-json\/wp\/v2\/posts\/141345","targetHints":{"allow":["GET"]}}],"collection":[{"href":"http:\/\/elcuartopoder.com.mx\/nw\/wp-json\/wp\/v2\/posts"}],"about":[{"href":"http:\/\/elcuartopoder.com.mx\/nw\/wp-json\/wp\/v2\/types\/post"}],"author":[{"embeddable":true,"href":"http:\/\/elcuartopoder.com.mx\/nw\/wp-json\/wp\/v2\/users\/2"}],"replies":[{"embeddable":true,"href":"http:\/\/elcuartopoder.com.mx\/nw\/wp-json\/wp\/v2\/comments?post=141345"}],"version-history":[{"count":1,"href":"http:\/\/elcuartopoder.com.mx\/nw\/wp-json\/wp\/v2\/posts\/141345\/revisions"}],"predecessor-version":[{"id":141347,"href":"http:\/\/elcuartopoder.com.mx\/nw\/wp-json\/wp\/v2\/posts\/141345\/revisions\/141347"}],"wp:featuredmedia":[{"embeddable":true,"href":"http:\/\/elcuartopoder.com.mx\/nw\/wp-json\/wp\/v2\/media\/141346"}],"wp:attachment":[{"href":"http:\/\/elcuartopoder.com.mx\/nw\/wp-json\/wp\/v2\/media?parent=141345"}],"wp:term":[{"taxonomy":"category","embeddable":true,"href":"http:\/\/elcuartopoder.com.mx\/nw\/wp-json\/wp\/v2\/categories?post=141345"},{"taxonomy":"post_tag","embeddable":true,"href":"http:\/\/elcuartopoder.com.mx\/nw\/wp-json\/wp\/v2\/tags?post=141345"}],"curies":[{"name":"wp","href":"https:\/\/api.w.org\/{rel}","templated":true}]}}