{"id":141348,"date":"2025-07-02T14:46:48","date_gmt":"2025-07-02T19:46:48","guid":{"rendered":"https:\/\/elcuartopoder.com.mx\/nw\/?p=141348"},"modified":"2025-07-02T14:46:50","modified_gmt":"2025-07-02T19:46:50","slug":"brote-de-sarampion-esta-contenido-seguira-campana-de-vacunacion-kershenobich","status":"publish","type":"post","link":"http:\/\/elcuartopoder.com.mx\/nw\/entretenimiento\/salud\/brote-de-sarampion-esta-contenido-seguira-campana-de-vacunacion-kershenobich\/","title":{"rendered":"Brote de sarampi\u00f3n \u00abest\u00e1 contenido\u00bb; seguir\u00e1 campa\u00f1a de vacunaci\u00f3n: Kershenobich"},"content":{"rendered":"\n<p>El secretario de Salud, David Kershenobich, durante la conferencia presidencial matutina en Palacio Nacional en la Ciudad de M\u00e9xico, el 1 de julio de 2025. Foto Presidencia<\/p>\n\n\n\n<p>Aunque el brote del sarampi\u00f3n \u201cest\u00e1 contenido\u201d, el secretario de Salud, David Kershenobich inform\u00f3 que seguir\u00e1n con la campa\u00f1a de vacunaci\u00f3n para personas de 1 a 49 a\u00f1os de edad, es decir, para ni\u00f1os, j\u00f3venes y adultos.&nbsp;<\/p>\n\n\n\n<p>Al corte del 30 de junio, dijo, se han diagnosticado 2 mil 942 casos en el territorio nacional, teniendo la mayor incidencia en Chihuahua con m\u00e1s del 95 por ciento de todos los casos, los cuales ya fueron rastreados, de modo que ahora tiene la certeza de que fueron importados de Texas, Estados Unidos y Canad\u00e1.&nbsp;<\/p>\n\n\n\n<p>Durante la conferencia ma\u00f1anera de este martes, el titular de Salud detall\u00f3 que ma\u00f1ana, el subsecretario de Prevenci\u00f3n y Promoci\u00f3n de la Salud, Ramiro L\u00f3pez Elizalde, coordinar\u00e1 una reuni\u00f3n en Chihuahua, en la que estar\u00e1n los 32 representantes de salud estatales para revisar el panorama mundial y de la regi\u00f3n de las Am\u00e9ricas.&nbsp;<\/p>\n\n\n\n<p>\u201cNo queremos bajar la guardia. Se ver\u00e1 la situaci\u00f3n epidemiol\u00f3gica del brote y el funcionamiento de los equipos de respuesta, las coberturas de vacunaci\u00f3n y los escenarios epidemiol\u00f3gicos\u201d, afirm\u00f3.<\/p>\n\n\n\n<p>Subray\u00f3 que cuentan con 4.5 millones de dosis de vacuna triple viral para la poblaci\u00f3n de 1 a 49 a\u00f1os \u201cy vamos a reforzar la campa\u00f1a para que se vacunen las personas\u201d.<\/p>\n\n\n\n<p>Fuente: La Jornada<\/p>\n","protected":false},"excerpt":{"rendered":"<p>El secretario de Salud, David Kershenobich, durante la conferencia presidencial matutina en Palacio Nacional en la Ciudad de M\u00e9xico, el 1 de julio de 2025. Foto Presidencia Aunque el brote del sarampi\u00f3n \u201cest\u00e1 contenido\u201d, el secretario de Salud, David Kershenobich inform\u00f3 que seguir\u00e1n con la campa\u00f1a de vacunaci\u00f3n para personas de 1 a 49 a\u00f1os [&hellip;]<\/p>\n","protected":false},"author":2,"featured_media":141349,"comment_status":"open","ping_status":"open","sticky":false,"template":"","format":"standard","meta":{"footnotes":""},"categories":[56],"tags":[],"class_list":["post-141348","post","type-post","status-publish","format-standard","has-post-thumbnail","hentry","category-salud"],"_links":{"self":[{"href":"http:\/\/elcuartopoder.com.mx\/nw\/wp-json\/wp\/v2\/posts\/141348","targetHints":{"allow":["GET"]}}],"collection":[{"href":"http:\/\/elcuartopoder.com.mx\/nw\/wp-json\/wp\/v2\/posts"}],"about":[{"href":"http:\/\/elcuartopoder.com.mx\/nw\/wp-json\/wp\/v2\/types\/post"}],"author":[{"embeddable":true,"href":"http:\/\/elcuartopoder.com.mx\/nw\/wp-json\/wp\/v2\/users\/2"}],"replies":[{"embeddable":true,"href":"http:\/\/elcuartopoder.com.mx\/nw\/wp-json\/wp\/v2\/comments?post=141348"}],"version-history":[{"count":1,"href":"http:\/\/elcuartopoder.com.mx\/nw\/wp-json\/wp\/v2\/posts\/141348\/revisions"}],"predecessor-version":[{"id":141350,"href":"http:\/\/elcuartopoder.com.mx\/nw\/wp-json\/wp\/v2\/posts\/141348\/revisions\/141350"}],"wp:featuredmedia":[{"embeddable":true,"href":"http:\/\/elcuartopoder.com.mx\/nw\/wp-json\/wp\/v2\/media\/141349"}],"wp:attachment":[{"href":"http:\/\/elcuartopoder.com.mx\/nw\/wp-json\/wp\/v2\/media?parent=141348"}],"wp:term":[{"taxonomy":"category","embeddable":true,"href":"http:\/\/elcuartopoder.com.mx\/nw\/wp-json\/wp\/v2\/categories?post=141348"},{"taxonomy":"post_tag","embeddable":true,"href":"http:\/\/elcuartopoder.com.mx\/nw\/wp-json\/wp\/v2\/tags?post=141348"}],"curies":[{"name":"wp","href":"https:\/\/api.w.org\/{rel}","templated":true}]}}