{"id":141354,"date":"2025-07-02T14:52:28","date_gmt":"2025-07-02T19:52:28","guid":{"rendered":"https:\/\/elcuartopoder.com.mx\/nw\/?p=141354"},"modified":"2025-07-02T14:52:31","modified_gmt":"2025-07-02T19:52:31","slug":"el-caso-suastegui-la-justicia-ausente","status":"publish","type":"post","link":"http:\/\/elcuartopoder.com.mx\/nw\/policiacas\/el-caso-suastegui-la-justicia-ausente\/","title":{"rendered":"El caso Su\u00e1stegui: la justicia ausente"},"content":{"rendered":"\n<p>El activista Marco Antonio Su\u00e1stegui Mu\u00f1oz en imagen de archivo. Foto tomada de redes sociales<\/p>\n\n\n\n<p>Marco Antonio Su\u00e1stegui Mu\u00f1oz, l\u00edder hist\u00f3rico y vocero del Consejo de Ejidos y Comunidades Opositoras a la Presa La Parota (Cecop), del estado de Guerrero, muri\u00f3 el pasado 25 de abril, en un hospital. Fue baleado una semana antes, el d\u00eda 18, en playa Icacos, del puerto de Acapulco, en la zona dorada del puerto, al concluir sus labores como prestador de servicios tur\u00edsticos. Ocurri\u00f3 a plena luz del d\u00eda ante decenas de testigos, en un lugar p\u00fablico, con afluencia de turistas y prestadores de servicios, por lo que es inconcebible, que a dos meses, la fiscal\u00eda estatal no tenga resultados respecto a la identificaci\u00f3n y detenci\u00f3n de los responsables del atentado que caus\u00f3 la muerte de Su\u00e1stegui.&nbsp;<\/p>\n\n\n\n<p>Dicha instancia se limit\u00f3 a realizar las primeras diligencias a que est\u00e1 obligada por ley. Tanto el consejo referido como el Centro de Derechos Humanos de La Monta\u00f1a Tlachinollan y sus familiares denuncian omisi\u00f3n y negligencia. Se\u00f1alan que \u201cal gobierno de Guerrero no le importa que el caso de Marco Antonio haya recibido una condena un\u00e1nime\u201d, al recordar que cientos de organizaciones sociales y de derechos humanos a escalas nacional e internacional condenaron el homicidio del defensor comunitario.&nbsp;<\/p>\n\n\n\n<p>La Oficina del Alto Comisionado de Derechos Humanos de Naciones Unidas en M\u00e9xico, as\u00ed como diferentes relator\u00edas tem\u00e1ticas de la ONU, manifestaron su preocupaci\u00f3n por la gravedad del caso. Y en un documento se\u00f1alaron que \u201clas autoridades esperan que sean los familiares los que se\u00f1alen a alg\u00fan sospechoso, que sean ellos quienes aporten elementos, dejando la carga de la investigaci\u00f3n a las v\u00edctimas, haciendo cargar sobre sus hombros el peso del riesgo de los actores armados que atentaron contra el defensor y que pueden volver agredir a los familiares que declaren, m\u00e1xime cuando la fiscal\u00eda ni el gobierno del estado han brindado medidas de protecci\u00f3n ni creado un entorno seguro.&nbsp;<\/p>\n\n\n\n<p>\u201cNo permitiremos que el caso del l\u00edder del Cecop, Marco Antonio Su\u00e1stegui, quede en la impunidad. El olvido al que las autoridades apuestan ser\u00e1 superado por nuestra en\u00e9rgica protesta y exigencia de verdad y justicia.\u201d&nbsp;<\/p>\n\n\n\n<p>Ante esta situaci\u00f3n, han solicitado medidas cautelares para su familia y que la Fiscal\u00eda General de la Rep\u00fablica (FGR) atraiga el caso. La gobernadora de Guerrero, Evelyn Salgado Pineda, se comprometi\u00f3 a revisar la carpeta de investigaci\u00f3n que integre para el caso la Fiscal\u00eda General del estado de Guerrero (FGE) y gestionar la atracci\u00f3n ante la FGR.&nbsp;<\/p>\n\n\n\n<p>Vale la pena destacar que, lamentablemente, los homicidios pol\u00edticos como \u00e9ste y tantos otros no son ejemplo de justicia y contin\u00faan en abierta impunidad. No signific\u00f3 protecci\u00f3n el hecho de que \u00e9l ten\u00eda medidas cautelares de la Corte Interamericana, pero nunca solicit\u00f3 el gobierno del estado de Guerrero, acompa\u00f1amiento policiaco ni tampoco solicit\u00f3 que se le dieran alg\u00fan tipo de medidas extraordinarias. Los comuneros ya realizaron su asamblea en Cacahuatepec y subrayaron que la lucha contra el proyecto hidroel\u00e9ctrico La Parota, que la Comisi\u00f3n Federal de Electricidad pretende edificar en el r\u00edo Papagayo desde hace m\u00e1s de dos d\u00e9cadas, sigue vigente, pues hoy d\u00eda solamente se encuentra suspendido y ello como resultado de su lucha. Por lo que cerraron filas y concluyeron que el Cecop no est\u00e1 muerto, pues lo integran m\u00e1s de 47 comunidades y son y ser\u00e1n fieles a la herencia y ejemplo de su l\u00edder asesinado.&nbsp;<\/p>\n\n\n\n<p>La agenda de impunidad en la entidad y otras regiones del pa\u00eds es muy amplia. Un caso cercano a Marco Antonio fue y es a\u00fan el de su hermano Vicente Su\u00e1stegui, desaparecido el 5 de agosto de 2021. El pasado 7 de mayo numerosos comuneros se movilizaron bajo el grito de \u201c\u00a1todav\u00eda no encontramos a Vicente!\u201d, que es lo m\u00e1s importante; pues se tiene a cuatro imputados sujetos a proceso y, por testimonio de uno, se sabe que participaron en la desaparici\u00f3n de Vicente Su\u00e1stegui, a quien entregaron en el hotel Tres Palos (Acapulco), pero de ah\u00ed en adelante se desconocen m\u00e1s detalles.&nbsp;<\/p>\n\n\n\n<p>Y sin pretender siquiera una numeralia de impunidad, precisamente en estos d\u00edas a tres d\u00e9cadas de la matanza de Aguas Blancas, en Guerrero, miembros de la Organizaci\u00f3n Campesina de la Sierra del Sur (OCSS) exigieron al gobierno federal que se reabra el caso y sea atra\u00eddo por la FGR. Sin referirnos a los 43 estudiantes de la normal de Ayotzinapa.&nbsp;<\/p>\n\n\n\n<p>Este caso, visto desde la tan defendida reforma judicial, coloca su deficiencia estructural, pues ignora otros elementos, como las fiscal\u00edas, procuradur\u00edas y defensor\u00edas que seguir\u00e1n actuando sujetas a las circunstancias pol\u00edticas del entorno de su investigaci\u00f3n por lo que lo que reciben los jueces se constituye para ellos en su par\u00e1metro. Dif\u00edcil que la PGR, si atrajera el caso, realice una investigaci\u00f3n que d\u00e9 cuenta del entorno pol\u00edtico de un l\u00edder como Su\u00e1stegui y del contexto que se vive en la entidad para los movimientos sociales opositores, como es el caso del Cecop.<\/p>\n\n\n\n<p>Fuente: La Jornada<\/p>\n","protected":false},"excerpt":{"rendered":"<p>El activista Marco Antonio Su\u00e1stegui Mu\u00f1oz en imagen de archivo. Foto tomada de redes sociales Marco Antonio Su\u00e1stegui Mu\u00f1oz, l\u00edder hist\u00f3rico y vocero del Consejo de Ejidos y Comunidades Opositoras a la Presa La Parota (Cecop), del estado de Guerrero, muri\u00f3 el pasado 25 de abril, en un hospital. Fue baleado una semana antes, el [&hellip;]<\/p>\n","protected":false},"author":2,"featured_media":141355,"comment_status":"open","ping_status":"open","sticky":false,"template":"","format":"standard","meta":{"footnotes":""},"categories":[23],"tags":[],"class_list":["post-141354","post","type-post","status-publish","format-standard","has-post-thumbnail","hentry","category-policiacas"],"_links":{"self":[{"href":"http:\/\/elcuartopoder.com.mx\/nw\/wp-json\/wp\/v2\/posts\/141354","targetHints":{"allow":["GET"]}}],"collection":[{"href":"http:\/\/elcuartopoder.com.mx\/nw\/wp-json\/wp\/v2\/posts"}],"about":[{"href":"http:\/\/elcuartopoder.com.mx\/nw\/wp-json\/wp\/v2\/types\/post"}],"author":[{"embeddable":true,"href":"http:\/\/elcuartopoder.com.mx\/nw\/wp-json\/wp\/v2\/users\/2"}],"replies":[{"embeddable":true,"href":"http:\/\/elcuartopoder.com.mx\/nw\/wp-json\/wp\/v2\/comments?post=141354"}],"version-history":[{"count":1,"href":"http:\/\/elcuartopoder.com.mx\/nw\/wp-json\/wp\/v2\/posts\/141354\/revisions"}],"predecessor-version":[{"id":141356,"href":"http:\/\/elcuartopoder.com.mx\/nw\/wp-json\/wp\/v2\/posts\/141354\/revisions\/141356"}],"wp:featuredmedia":[{"embeddable":true,"href":"http:\/\/elcuartopoder.com.mx\/nw\/wp-json\/wp\/v2\/media\/141355"}],"wp:attachment":[{"href":"http:\/\/elcuartopoder.com.mx\/nw\/wp-json\/wp\/v2\/media?parent=141354"}],"wp:term":[{"taxonomy":"category","embeddable":true,"href":"http:\/\/elcuartopoder.com.mx\/nw\/wp-json\/wp\/v2\/categories?post=141354"},{"taxonomy":"post_tag","embeddable":true,"href":"http:\/\/elcuartopoder.com.mx\/nw\/wp-json\/wp\/v2\/tags?post=141354"}],"curies":[{"name":"wp","href":"https:\/\/api.w.org\/{rel}","templated":true}]}}