{"id":141357,"date":"2025-07-02T14:55:19","date_gmt":"2025-07-02T19:55:19","guid":{"rendered":"https:\/\/elcuartopoder.com.mx\/nw\/?p=141357"},"modified":"2025-07-02T14:55:22","modified_gmt":"2025-07-02T19:55:22","slug":"aprueban-ley-de-recortes-fiscales-de-trump","status":"publish","type":"post","link":"http:\/\/elcuartopoder.com.mx\/nw\/economia\/aprueban-ley-de-recortes-fiscales-de-trump\/","title":{"rendered":"Aprueban ley de recortes fiscales de Trump"},"content":{"rendered":"\n<p><em>Washington.- &nbsp;<\/em>El Senado republicano llev\u00f3 el gran proyecto de ley de recortes fiscales y reducciones de gastos del presidente Donald Trump a su aprobaci\u00f3n el martes con el voto m\u00e1s estrecho, superando la oposici\u00f3n de los dem\u00f3cratas y de sus propias filas despu\u00e9s de una turbulenta sesi\u00f3n nocturna.<\/p>\n\n\n\n<p>El vicepresidente JD Vance rompi\u00f3 el empate 50-50 para lograr la aprobaci\u00f3n. Los tres republicanos que se opusieron al proyecto de ley fueron los senadores Thom Tillis de Carolina del Norte, Susan Collins de Maine y Rand Paul de Kentucky.<\/p>\n\n\n\n<p>El resultado culmin\u00f3 un fin de semana inusualmente tenso de trabajo en el Capitolio, con la prioridad legislativa del presidente tambale\u00e1ndose entre la aprobaci\u00f3n y el colapso.<\/p>\n\n\n\n<p>La dificultad que enfrentaron los republicanos, que tienen la mayor\u00eda en el Congreso, probablemente no disminuir\u00e1. El paquete ahora regresa a la C\u00e1mara de Representantes, donde el titular de esa instancia, Mike Johnson, hab\u00eda advertido a los senadores que no se desviaran demasiado de lo que su c\u00e1mara ya hab\u00eda aprobado. Pero el Senado hizo cambios, particularmente en Medicaid, arriesgando m\u00e1s problemas mientras corren para terminar antes de la fecha l\u00edmite del 4 de julio fijada por Trump.<\/p>\n\n\n\n<p>El resultado es un momento crucial para el presidente y su partido, que han estado consumidos por el \u00abGran Hermoso Proyecto de Ley\u00bb, de 940 p\u00e1ginas, como se titula formalmente, e invirtieron su capital pol\u00edtico en cumplir con el proyecto.<\/p>\n\n\n\n<p>Trump reconoci\u00f3 que es \u00abun asunto muy complicado\u00bb, mientras sal\u00eda de la Casa Blanca hacia Florida.<\/p>\n\n\n\n<p>Fuente: La Jornada<\/p>\n","protected":false},"excerpt":{"rendered":"<p>Washington.- &nbsp;El Senado republicano llev\u00f3 el gran proyecto de ley de recortes fiscales y reducciones de gastos del presidente Donald Trump a su aprobaci\u00f3n el martes con el voto m\u00e1s estrecho, superando la oposici\u00f3n de los dem\u00f3cratas y de sus propias filas despu\u00e9s de una turbulenta sesi\u00f3n nocturna. El vicepresidente JD Vance rompi\u00f3 el empate [&hellip;]<\/p>\n","protected":false},"author":2,"featured_media":141358,"comment_status":"open","ping_status":"open","sticky":false,"template":"","format":"standard","meta":{"footnotes":""},"categories":[1],"tags":[],"class_list":["post-141357","post","type-post","status-publish","format-standard","has-post-thumbnail","hentry","category-economia"],"_links":{"self":[{"href":"http:\/\/elcuartopoder.com.mx\/nw\/wp-json\/wp\/v2\/posts\/141357","targetHints":{"allow":["GET"]}}],"collection":[{"href":"http:\/\/elcuartopoder.com.mx\/nw\/wp-json\/wp\/v2\/posts"}],"about":[{"href":"http:\/\/elcuartopoder.com.mx\/nw\/wp-json\/wp\/v2\/types\/post"}],"author":[{"embeddable":true,"href":"http:\/\/elcuartopoder.com.mx\/nw\/wp-json\/wp\/v2\/users\/2"}],"replies":[{"embeddable":true,"href":"http:\/\/elcuartopoder.com.mx\/nw\/wp-json\/wp\/v2\/comments?post=141357"}],"version-history":[{"count":1,"href":"http:\/\/elcuartopoder.com.mx\/nw\/wp-json\/wp\/v2\/posts\/141357\/revisions"}],"predecessor-version":[{"id":141359,"href":"http:\/\/elcuartopoder.com.mx\/nw\/wp-json\/wp\/v2\/posts\/141357\/revisions\/141359"}],"wp:featuredmedia":[{"embeddable":true,"href":"http:\/\/elcuartopoder.com.mx\/nw\/wp-json\/wp\/v2\/media\/141358"}],"wp:attachment":[{"href":"http:\/\/elcuartopoder.com.mx\/nw\/wp-json\/wp\/v2\/media?parent=141357"}],"wp:term":[{"taxonomy":"category","embeddable":true,"href":"http:\/\/elcuartopoder.com.mx\/nw\/wp-json\/wp\/v2\/categories?post=141357"},{"taxonomy":"post_tag","embeddable":true,"href":"http:\/\/elcuartopoder.com.mx\/nw\/wp-json\/wp\/v2\/tags?post=141357"}],"curies":[{"name":"wp","href":"https:\/\/api.w.org\/{rel}","templated":true}]}}