{"id":141360,"date":"2025-07-02T14:57:40","date_gmt":"2025-07-02T19:57:40","guid":{"rendered":"https:\/\/elcuartopoder.com.mx\/nw\/?p=141360"},"modified":"2025-07-02T14:57:42","modified_gmt":"2025-07-02T19:57:42","slug":"cual-pluralidad","status":"publish","type":"post","link":"http:\/\/elcuartopoder.com.mx\/nw\/destacadas\/cual-pluralidad\/","title":{"rendered":"\u00bfCu\u00e1l pluralidad?"},"content":{"rendered":"\n<p>Pareciera que la idea de pluralidad se defiende por s\u00ed sola. Para quienes tienen esta idea, no es menester buscar nada: hay o no hay pluralidad: no hay m\u00e1s. Esta postura, sin embargo, es la de las derechas cuando est\u00e1n fuera del poder. \u00bfHubo pluralidad en M\u00e9xico durante el casi interminable periodo de dominaci\u00f3n del PRI? \u00bfDe qu\u00e9 se trat\u00f3 la pluralidad&nbsp;<em>prianista<\/em>? \u00bfDebe evaluarse del mismo modo la relaci\u00f3n de Morena con la pluralidad, que como podemos hacerlo con el PRI y el PAN?&nbsp;<\/p>\n\n\n\n<p>Es menester distinguir la pluralidad como a) expresi\u00f3n de la libertad de opini\u00f3n; b) expresi\u00f3n p\u00fablica; c) expresi\u00f3n de la libertad de organizaci\u00f3n pol\u00edtica, y d) posibilidad de acceso a las instituciones del Estado.&nbsp;<\/p>\n\n\n\n<p>Bajo el molde de la dominaci\u00f3n pri\u00edsta \u2013sin cambios bajo el&nbsp;<em>prianismo<\/em>\u2013 hubo libertad de opini\u00f3n, pero no de expresi\u00f3n p\u00fablica. \u00c9sta requiere condiciones de posibilidad que durante ese largu\u00edsimo periodo fueron severamente restringidas. Ciertamente&nbsp;<em>La Jornada<\/em>&nbsp;fue y ha sido una excepci\u00f3n, posibilitada en los a\u00f1os del naciente neoliberalismo por la conjunci\u00f3n de corrientes diversas, algunas de las cuales terminaron en las garras de Carlos Salinas. Muchas mentes acad\u00e9micas que conformaron una pluralidad notable, especialmente despu\u00e9s del 68, fueron abducidas por el neoliberalismo.&nbsp;<\/p>\n\n\n\n<p>En el campo de la organizaci\u00f3n pol\u00edtica creci\u00f3 despu\u00e9s del 68 una pluralidad incipiente gracias a las luchas de las izquierdas. Una buena parte de esa ganancia sufri\u00f3 visibles retrocesos: o fue a dar al corral del neoliberalismo (PRD y otros), o fue impedida de prosperar por el&nbsp;<em>prianismo<\/em>.<\/p>\n\n\n\n<p>En lo que respecta al acceso al gobierno de las instituciones del Estado, vivimos el&nbsp;<em>PRI-gobierno&nbsp;<\/em>cerca de un siglo: eso lo dice todo. El&nbsp;<em>PRIAN-gobierno&nbsp;<\/em>fue una etapa de ese siglo, con crecientes cotas de corrupci\u00f3n desbocada. El PRI, el PAN y el PRD, v\u00edas principales de acceso al gobierno de las instituciones del Estado, convirtieron a sus militantes en soldados fidel\u00edsimos de la corrupci\u00f3n neoliberal. Siempre hay quien puede protestar y decir que ella o \u00e9l no era lo mismo que la inmensa mayor\u00eda; que no hab\u00eda otro espacio de servicio p\u00fablico. Conced\u00e1moslo: aunque una golondrina\u2026&nbsp;<\/p>\n\n\n\n<p>Todo esto viene a cuento porque \u00faltimamente algunas derechas demandan pluralidad en esta o aquella instituci\u00f3n. Siempre ser\u00e1 necesario tener presente cu\u00e1l fue la pluralidad del&nbsp;<em>prianismo<\/em>.&nbsp;<\/p>\n\n\n\n<p>Bajo el gobierno de Morena las derechas, como todo el mundo, disfrutan de una libertad de opini\u00f3n que no hab\u00edan conocido en toda su vida. Analizan, opinan, gritan, insultan, calumnian: y nadie las restringe en lo absoluto. Y si de libertad de expresi\u00f3n se trata, las derechas poseen la pr\u00e1ctica totalidad de los medios de comunicaci\u00f3n tradicionales \u2013prensa y televisi\u00f3n\u2013, muy recientemente contrapesados por las voces de las izquierdas en las redes sociales y, en menor medida, en la televisi\u00f3n p\u00fablica; sin que esto \u00faltimo haya significado exclusividad.&nbsp;<\/p>\n\n\n\n<p>En cuanto al acceso a las instituciones del Estado, como en todo momento y en cualquier parte del mundo, se configura un estatus que representa una correlaci\u00f3n de fuerzas pol\u00edticas. No es extra\u00f1o que hoy Morena predomine; esta fuerza pol\u00edtica gan\u00f3 los espacios con los votos de los ciudadanos, con un programa pol\u00edtico favorable a los excluidos por el&nbsp;<em>prianismo<\/em>. Una correlaci\u00f3n de fuerzas est\u00e1 presente en el conjunto del Estado, y una particular en cada instituci\u00f3n p\u00fablica estatal. La pluralidad en este espacio no es un derecho, sino una consecuencia de la lucha pol\u00edtica.&nbsp;<\/p>\n\n\n\n<p>Morena, se sabe, no es una organizaci\u00f3n pol\u00edtica e ideol\u00f3gicamente homog\u00e9nea. Ah\u00ed dentro hay derechas, centros e izquierdas. As\u00ed las cosas, en cada instituci\u00f3n p\u00fablica estatal hay una correlaci\u00f3n de fuerzas formalmente morenistas, que se combina con otras fuerzas, menos visibles, pero igualmente actuantes, que no son morenistas. Esa pluralidad tiene que ser combatida por Morena: este partido debe evitar que un trabajo de hormiga derechista termine debilitando su programa pol\u00edtico popular.&nbsp;<\/p>\n\n\n\n<p>Respecto al gobierno de las instituciones p\u00fablicas estatales, Morena no puede ni desear ni trabajar por la pluralidad pol\u00edtica, en el sentido referido, sino favorecer a los ciudadanos con vocaci\u00f3n aut\u00e9ntica de servicio p\u00fablico a favor de los de abajo, o a favor de los cuadros que operen eficazmente las instituciones de Estado bajo el programa de la 4T.&nbsp;<\/p>\n\n\n\n<p>Parece claro que eso a\u00fan no ocurre en la extensi\u00f3n necesaria, tal que enderece seriamente la distribuci\u00f3n del ingreso y construya con los de abajo otro nivel de vida, donde haya alimento, vivienda, educaci\u00f3n, salud, propios de una vida humana real. En su tiempo el PRI y el&nbsp;<em>PRIAN<\/em>&nbsp;dominaron el gobierno e hicieron lo que hicieron a favor del proyecto neoliberal y los intereses de los de arriba. Ese sino est\u00e1 enterrado.&nbsp;<\/p>\n\n\n\n<p>Cada instituci\u00f3n p\u00fablica estatal debe ser evaluada a luz de los criterios nacidos del programa de la 4T. En los casos en que las cosas no marchen como debiera, debe ponerse la atenci\u00f3n en la correlaci\u00f3n de fuerzas que la gobierna, y corregir.<\/p>\n\n\n\n<p>Fuente: La Jornada<\/p>\n","protected":false},"excerpt":{"rendered":"<p>Pareciera que la idea de pluralidad se defiende por s\u00ed sola. Para quienes tienen esta idea, no es menester buscar nada: hay o no hay pluralidad: no hay m\u00e1s. Esta postura, sin embargo, es la de las derechas cuando est\u00e1n fuera del poder. \u00bfHubo pluralidad en M\u00e9xico durante el casi interminable periodo de dominaci\u00f3n del [&hellip;]<\/p>\n","protected":false},"author":2,"featured_media":141361,"comment_status":"open","ping_status":"open","sticky":false,"template":"","format":"standard","meta":{"footnotes":""},"categories":[59],"tags":[],"class_list":["post-141360","post","type-post","status-publish","format-standard","has-post-thumbnail","hentry","category-destacadas"],"_links":{"self":[{"href":"http:\/\/elcuartopoder.com.mx\/nw\/wp-json\/wp\/v2\/posts\/141360","targetHints":{"allow":["GET"]}}],"collection":[{"href":"http:\/\/elcuartopoder.com.mx\/nw\/wp-json\/wp\/v2\/posts"}],"about":[{"href":"http:\/\/elcuartopoder.com.mx\/nw\/wp-json\/wp\/v2\/types\/post"}],"author":[{"embeddable":true,"href":"http:\/\/elcuartopoder.com.mx\/nw\/wp-json\/wp\/v2\/users\/2"}],"replies":[{"embeddable":true,"href":"http:\/\/elcuartopoder.com.mx\/nw\/wp-json\/wp\/v2\/comments?post=141360"}],"version-history":[{"count":1,"href":"http:\/\/elcuartopoder.com.mx\/nw\/wp-json\/wp\/v2\/posts\/141360\/revisions"}],"predecessor-version":[{"id":141362,"href":"http:\/\/elcuartopoder.com.mx\/nw\/wp-json\/wp\/v2\/posts\/141360\/revisions\/141362"}],"wp:featuredmedia":[{"embeddable":true,"href":"http:\/\/elcuartopoder.com.mx\/nw\/wp-json\/wp\/v2\/media\/141361"}],"wp:attachment":[{"href":"http:\/\/elcuartopoder.com.mx\/nw\/wp-json\/wp\/v2\/media?parent=141360"}],"wp:term":[{"taxonomy":"category","embeddable":true,"href":"http:\/\/elcuartopoder.com.mx\/nw\/wp-json\/wp\/v2\/categories?post=141360"},{"taxonomy":"post_tag","embeddable":true,"href":"http:\/\/elcuartopoder.com.mx\/nw\/wp-json\/wp\/v2\/tags?post=141360"}],"curies":[{"name":"wp","href":"https:\/\/api.w.org\/{rel}","templated":true}]}}