{"id":141372,"date":"2025-07-02T15:15:39","date_gmt":"2025-07-02T20:15:39","guid":{"rendered":"https:\/\/elcuartopoder.com.mx\/nw\/?p=141372"},"modified":"2025-07-02T15:15:41","modified_gmt":"2025-07-02T20:15:41","slug":"exhortamos-a-proteger-a-la-infancia-con-un-sistema-judicial-integro","status":"publish","type":"post","link":"http:\/\/elcuartopoder.com.mx\/nw\/editorial\/exhortamos-a-proteger-a-la-infancia-con-un-sistema-judicial-integro\/","title":{"rendered":"Exhortamos a proteger a la infancia con un sistema judicial \u00edntegro"},"content":{"rendered":"\n<p>Diversas organizaciones civiles han levantado la voz para exigir las revisiones correspondientes a los expedientes de quienes fueron electos para ocupar cargos en el Poder Judicial.<\/p>\n\n\n\n<p>Con el proceso electoral del primero de junio para elegir a los representantes del Poder Judicial, en M\u00e9xico, sigue cuestion\u00e1ndose no solo la forma para nombrar a los pr\u00f3ximos jueces, magistrados y ministros, sino, peor a\u00fan, a qu\u00e9 tipo de personas se les permiti\u00f3 ser candidatos.<\/p>\n\n\n\n<p>La situaci\u00f3n de H\u00e9ctor Ulises Ordu\u00f1a Hern\u00e1ndez es uno de los casos m\u00e1s conocidos por haber obtenido el triunfo como juzgador mixto en el Distrito 2 en Veracruz. El problema es que dicho sujeto recibi\u00f3 la medida de prisi\u00f3n preventiva el 6 de abril de 2025 al ser se\u00f1alado como probable responsable del delito de abuso sexual en agravio de una adolescente. Seg\u00fan la investigaci\u00f3n, los hechos ocurrieron el 27 de septiembre de 2021 cuando presuntamente realiz\u00f3 tocamientos lascivos en contra de quien result\u00f3 ser su sobrina. De igual modo, Ordu\u00f1a Hern\u00e1ndez se encuentra presuntamente vinculado con temas de material de abuso sexual infantil en Estados Unidos.<\/p>\n\n\n\n<p>Actualmente, el acusado est\u00e1 detenido por su presunta responsabilidad en el delito de abuso sexual de menores y el Instituto Nacional Electoral (INE) decidi\u00f3 cancelar su triunfo como juez.<\/p>\n\n\n\n<p>Otro lamentable caso es el de Juan Miguel Morales Monter, quien obtuvo el triunfo para ser magistrado de lo familiar. La cuesti\u00f3n es que este sujeto es se\u00f1alado por el Frente Nacional de Mujeres, as\u00ed como por otras madres, de haberse coludido con exparejas de las mujeres para quitarles a ellas la guarda y custodia de sus hijos.<\/p>\n\n\n\n<p>Seg\u00fan una madre afectada, ya son m\u00e1s de 17 mujeres que acusan a Morales Monter de quitarles a sus hijos en complicidad con autoridades y, pese a tener estos se\u00f1alamientos de violencia vicaria, recibi\u00f3 la constancia de validez como magistrado en materia familiar por parte del Instituto Electoral de la Ciudad de M\u00e9xico.<\/p>\n\n\n\n<p>Ante casos como los descritos, diversas organizaciones civiles han levantado la voz para exigir las revisiones correspondientes a los expedientes de quienes fueron electos para ocupar cargos en el Poder Judicial. Hay que recordar que desde abril de este a\u00f1o, el Consejo General del INE determin\u00f3 que anular\u00eda el triunfo de los candidatos al Poder Judicial en caso de confirmarse que son pr\u00f3fugos de la justicia, violentadores o deudores alimentarios. Incluso se configur\u00f3 un cat\u00e1logo de ocho impedimentos para rechazar la candidatura a cualquier persona que fuera sancionada por motivos de esa \u00edndole.<\/p>\n\n\n\n<p>Con estos terribles hallazgos, se est\u00e1 poniendo en duda la eficacia de los controles de integridad sobre los aspirantes que ahora resultaron electos como ministros, jueces y magistrados, cuando lo que se requiere es un sistema de justicia compuesto por personas \u00edntegras, \u00e9ticas y comprometidas con la defensa de los derechos, especialmente de ni\u00f1as, ni\u00f1os y adolescentes.<\/p>\n\n\n\n<p>Desde Early Institute exigimos a las autoridades actuar con celeridad, transparencia y con el m\u00e1s alto est\u00e1ndar de protecci\u00f3n a las infancias y las adolescencias. De igual modo, hacemos un llamado a defender el inter\u00e9s superior de la ni\u00f1ez, recordando que la presunci\u00f3n de inocencia es compatible con la obligaci\u00f3n del Estado de actuar con m\u00e1xima diligencia cuando se trata de proteger a esta poblaci\u00f3n. Es imperante que la justicia est\u00e9 realmente al servicio de la seguridad y protecci\u00f3n para que el bienestar de las ni\u00f1as, los ni\u00f1os y los adolescentes no sea vulnerado.<\/p>\n\n\n\n<p>Fuente: EF<\/p>\n","protected":false},"excerpt":{"rendered":"<p>Diversas organizaciones civiles han levantado la voz para exigir las revisiones correspondientes a los expedientes de quienes fueron electos para ocupar cargos en el Poder Judicial. Con el proceso electoral del primero de junio para elegir a los representantes del Poder Judicial, en M\u00e9xico, sigue cuestion\u00e1ndose no solo la forma para nombrar a los pr\u00f3ximos [&hellip;]<\/p>\n","protected":false},"author":2,"featured_media":141373,"comment_status":"open","ping_status":"open","sticky":false,"template":"","format":"standard","meta":{"footnotes":""},"categories":[63],"tags":[],"class_list":["post-141372","post","type-post","status-publish","format-standard","has-post-thumbnail","hentry","category-editorial"],"_links":{"self":[{"href":"http:\/\/elcuartopoder.com.mx\/nw\/wp-json\/wp\/v2\/posts\/141372","targetHints":{"allow":["GET"]}}],"collection":[{"href":"http:\/\/elcuartopoder.com.mx\/nw\/wp-json\/wp\/v2\/posts"}],"about":[{"href":"http:\/\/elcuartopoder.com.mx\/nw\/wp-json\/wp\/v2\/types\/post"}],"author":[{"embeddable":true,"href":"http:\/\/elcuartopoder.com.mx\/nw\/wp-json\/wp\/v2\/users\/2"}],"replies":[{"embeddable":true,"href":"http:\/\/elcuartopoder.com.mx\/nw\/wp-json\/wp\/v2\/comments?post=141372"}],"version-history":[{"count":1,"href":"http:\/\/elcuartopoder.com.mx\/nw\/wp-json\/wp\/v2\/posts\/141372\/revisions"}],"predecessor-version":[{"id":141374,"href":"http:\/\/elcuartopoder.com.mx\/nw\/wp-json\/wp\/v2\/posts\/141372\/revisions\/141374"}],"wp:featuredmedia":[{"embeddable":true,"href":"http:\/\/elcuartopoder.com.mx\/nw\/wp-json\/wp\/v2\/media\/141373"}],"wp:attachment":[{"href":"http:\/\/elcuartopoder.com.mx\/nw\/wp-json\/wp\/v2\/media?parent=141372"}],"wp:term":[{"taxonomy":"category","embeddable":true,"href":"http:\/\/elcuartopoder.com.mx\/nw\/wp-json\/wp\/v2\/categories?post=141372"},{"taxonomy":"post_tag","embeddable":true,"href":"http:\/\/elcuartopoder.com.mx\/nw\/wp-json\/wp\/v2\/tags?post=141372"}],"curies":[{"name":"wp","href":"https:\/\/api.w.org\/{rel}","templated":true}]}}