{"id":141412,"date":"2025-07-03T08:24:30","date_gmt":"2025-07-03T13:24:30","guid":{"rendered":"https:\/\/elcuartopoder.com.mx\/nw\/?p=141412"},"modified":"2025-07-03T08:24:31","modified_gmt":"2025-07-03T13:24:31","slug":"advierte-la-comision-nacional-de-emergencias-riesgo-de-que-colapse-tramo-carretero-que-conduce-a-javier-rojo-gomez","status":"publish","type":"post","link":"http:\/\/elcuartopoder.com.mx\/nw\/estatales\/advierte-la-comision-nacional-de-emergencias-riesgo-de-que-colapse-tramo-carretero-que-conduce-a-javier-rojo-gomez\/","title":{"rendered":"Advierte la Comisi\u00f3n Nacional de Emergencias, riesgo de que colapse tramo carretero que conduce a Javier Rojo G\u00f3mez"},"content":{"rendered":"\n<p class=\"wp-block-paragraph\"><strong>CHETUMAL, MX.-<\/strong>&nbsp;Ante el reblandecimiento de la tierra por la cantidad de agua que dejaron las lluvias las \u00faltimas semanas, as\u00ed como los escurrimientos provenientes de Campeche, el delegado de la Comisi\u00f3n Nacional de Emergencias (CNE) Jos\u00e9 M\u00e9ndez, advirti\u00f3 del riesgo de que colapse un tramo de la carretera a la entrada del patio ca\u00f1ero y de la antigua Escuela T\u00e9cnica Agropecuaria hacia la comunidad de Javier Rojo G\u00f3mez nuevo.<\/p>\n\n\n\n<p class=\"wp-block-paragraph\">Explic\u00f3 que gran parte de la carretera esta \u201cdeslavada\u201d por el exceso de agua y la tuber\u00eda que sirve para drenar el agua por debajo de la v\u00eda fue arrastrada por la fuerza del agua lo que, de no ser atendido, puede ocasionar un accidente o el cierre de la carretera en caso de que colapse ese tramo y dejar incomunicados a los habitantes de las comunidades de \u00c1lvaro Obreg\u00f3n y Puct\u00e9 mientras que otros pobladores tendr\u00edan que rodear la parte de \u00c1lvaro Obreg\u00f3n Nuevo para salir hacia Rojo G\u00f3mez.<\/p>\n\n\n\n<p class=\"wp-block-paragraph\">El delegado de la CNE para la ribera del Rio Hondo dijo que el paso de un cami\u00f3n pesado pudiera acelerar la ca\u00edda de la carretera \u201cpor lo que es necesario que se coloquen se\u00f1alamientos para que los automovilistas tomen precauciones y disminuyan la velocidad\u201d.<\/p>\n\n\n\n<p class=\"wp-block-paragraph\">Mientras tanto, autoridades del municipio de Bacalar reportaron da\u00f1os en el tramo carretero que conduce de Reforma a Huatusco que afecta a cinco comunidades intermedias; tambi\u00e9n el de Otilio Monta\u00f1o a Zamora as\u00ed como de Altos de Sevilla a San Rom\u00e1n adem\u00e1s del tramo de Altos de Sevilla a Rio Escondido que dej\u00f3 incomunicadas a unas mil familias en forma moment\u00e1nea.<\/p>\n\n\n\n<p class=\"wp-block-paragraph\">Explicaron que la intervenci\u00f3n de las fuerzas armadas federales permiti\u00f3 restablecer la comunicaci\u00f3n en poco tiempo entre las comunidades de Altos de Sevilla a Rio Escondido. Luego que dej\u00f3 de llover sigue la evaluaci\u00f3n de da\u00f1os en \u00e1reas de cultivos y caminos sacacosechas.<\/p>\n\n\n\n<p class=\"wp-block-paragraph\">Fuente:<strong> Noticaribe<\/strong><\/p>\n","protected":false},"excerpt":{"rendered":"<p>CHETUMAL, MX.-&nbsp;Ante el reblandecimiento de la tierra por la cantidad de agua que dejaron las lluvias las \u00faltimas semanas, as\u00ed como los escurrimientos provenientes de Campeche, el delegado de la Comisi\u00f3n Nacional de Emergencias (CNE) Jos\u00e9 M\u00e9ndez, advirti\u00f3 del riesgo de que colapse un tramo de la carretera a la entrada del patio ca\u00f1ero y [&hellip;]<\/p>\n","protected":false},"author":2,"featured_media":141413,"comment_status":"open","ping_status":"open","sticky":false,"template":"","format":"standard","meta":{"footnotes":""},"categories":[60],"tags":[],"class_list":["post-141412","post","type-post","status-publish","format-standard","has-post-thumbnail","hentry","category-estatales"],"_links":{"self":[{"href":"http:\/\/elcuartopoder.com.mx\/nw\/wp-json\/wp\/v2\/posts\/141412","targetHints":{"allow":["GET"]}}],"collection":[{"href":"http:\/\/elcuartopoder.com.mx\/nw\/wp-json\/wp\/v2\/posts"}],"about":[{"href":"http:\/\/elcuartopoder.com.mx\/nw\/wp-json\/wp\/v2\/types\/post"}],"author":[{"embeddable":true,"href":"http:\/\/elcuartopoder.com.mx\/nw\/wp-json\/wp\/v2\/users\/2"}],"replies":[{"embeddable":true,"href":"http:\/\/elcuartopoder.com.mx\/nw\/wp-json\/wp\/v2\/comments?post=141412"}],"version-history":[{"count":1,"href":"http:\/\/elcuartopoder.com.mx\/nw\/wp-json\/wp\/v2\/posts\/141412\/revisions"}],"predecessor-version":[{"id":141414,"href":"http:\/\/elcuartopoder.com.mx\/nw\/wp-json\/wp\/v2\/posts\/141412\/revisions\/141414"}],"wp:featuredmedia":[{"embeddable":true,"href":"http:\/\/elcuartopoder.com.mx\/nw\/wp-json\/wp\/v2\/media\/141413"}],"wp:attachment":[{"href":"http:\/\/elcuartopoder.com.mx\/nw\/wp-json\/wp\/v2\/media?parent=141412"}],"wp:term":[{"taxonomy":"category","embeddable":true,"href":"http:\/\/elcuartopoder.com.mx\/nw\/wp-json\/wp\/v2\/categories?post=141412"},{"taxonomy":"post_tag","embeddable":true,"href":"http:\/\/elcuartopoder.com.mx\/nw\/wp-json\/wp\/v2\/tags?post=141412"}],"curies":[{"name":"wp","href":"https:\/\/api.w.org\/{rel}","templated":true}]}}