{"id":141498,"date":"2025-07-04T16:04:07","date_gmt":"2025-07-04T21:04:07","guid":{"rendered":"https:\/\/elcuartopoder.com.mx\/nw\/?p=141498"},"modified":"2025-07-04T16:04:09","modified_gmt":"2025-07-04T21:04:09","slug":"inicia-la-canicula-seran-los-40-dias-mas-calurosos-del-ano","status":"publish","type":"post","link":"http:\/\/elcuartopoder.com.mx\/nw\/estatales\/inicia-la-canicula-seran-los-40-dias-mas-calurosos-del-ano\/","title":{"rendered":"Inicia la can\u00edcula: ser\u00e1n los 40 d\u00edas m\u00e1s calurosos del a\u00f1o"},"content":{"rendered":"\n<p>Las autoridades piden extremar precauciones durante la can\u00edcula, piden proteger a ni\u00f1os, abuelitos y mascotas.<\/p>\n\n\n\n<p>De acuerdo al meteor\u00f3logo<strong>&nbsp;Rub\u00e9n Borau Garc\u00eda<\/strong>, desde hoy comienzan los 40 d\u00edas m\u00e1s calurosos del a\u00f1o y que va a concluir el pr\u00f3ximo 6 de agosto.<\/p>\n\n\n\n<p>Conocido como la can\u00edcula, por lo que autoridades piden extremar precauciones. Seg\u00fan hist\u00f3ricos de temperatura, se esperan olas de calor que<strong>&nbsp;rebasen los 45\u00b0C, en varias zonas de M\u00e9xico<\/strong>, por lo que es uno de los per\u00edodos m\u00e1s peligrosos del a\u00f1o, especialmente para ni\u00f1os, adultos mayores y mascotas.<\/p>\n\n\n\n<p>En lo que va del a\u00f1o hay un caso de defunci\u00f3n registrado en Quintana Roo por golpe de calor. Karla \u00c1lvarez, m\u00e9dico, espera que al menos en&nbsp;<strong>50% incrementen sus casos de atenciones<\/strong>. Por lo que los menores de edad y adultos mayo res deben evitar salir en horas donde est\u00e1 el mayor incremento de los rayos ultravioletas.<\/p>\n\n\n\n<p>Tambi\u00e9n evitar en lo posible consumir alimentos o bebidas adquiridos en la calle, y que no se tenga la certeza que cumplen con todas las medidas de higiene. En el caso de los&nbsp;<strong>abuelitos y abuelitas, revisar su presi\u00f3n, respiraci\u00f3n y estado de \u00e1nimo, pues el calor puede provocar confusi\u00f3n, mareos o desmayos<\/strong>.<\/p>\n\n\n\n<p>Pero tambi\u00e9n las masco tas deben tener un cuidado especial por enfermedades propias de las altas temperaturas, desde proliferaci\u00f3n de garrapatas y pulgas, insolaci\u00f3n, golpes de calor, as\u00ed como quemaduras en sus patas.<\/p>\n\n\n\n<p>En el caso de los perros, se pide a sus due\u00f1os,&nbsp;<strong>no pasearlos entre las 10 y las 16 horas<\/strong>, pues el asfalto puede quemar sus patas.&nbsp;Deben tener en todo momento agua fresca y tenerlos a la sombra, pues un golpe de calor puede matarlos en menos de 15 minutos.<\/p>\n\n\n\n<p>Fuente: SIPSE<\/p>\n","protected":false},"excerpt":{"rendered":"<p>Las autoridades piden extremar precauciones durante la can\u00edcula, piden proteger a ni\u00f1os, abuelitos y mascotas. De acuerdo al meteor\u00f3logo&nbsp;Rub\u00e9n Borau Garc\u00eda, desde hoy comienzan los 40 d\u00edas m\u00e1s calurosos del a\u00f1o y que va a concluir el pr\u00f3ximo 6 de agosto. Conocido como la can\u00edcula, por lo que autoridades piden extremar precauciones. Seg\u00fan hist\u00f3ricos de [&hellip;]<\/p>\n","protected":false},"author":2,"featured_media":141567,"comment_status":"open","ping_status":"open","sticky":false,"template":"","format":"standard","meta":{"footnotes":""},"categories":[60],"tags":[],"class_list":["post-141498","post","type-post","status-publish","format-standard","has-post-thumbnail","hentry","category-estatales"],"_links":{"self":[{"href":"http:\/\/elcuartopoder.com.mx\/nw\/wp-json\/wp\/v2\/posts\/141498","targetHints":{"allow":["GET"]}}],"collection":[{"href":"http:\/\/elcuartopoder.com.mx\/nw\/wp-json\/wp\/v2\/posts"}],"about":[{"href":"http:\/\/elcuartopoder.com.mx\/nw\/wp-json\/wp\/v2\/types\/post"}],"author":[{"embeddable":true,"href":"http:\/\/elcuartopoder.com.mx\/nw\/wp-json\/wp\/v2\/users\/2"}],"replies":[{"embeddable":true,"href":"http:\/\/elcuartopoder.com.mx\/nw\/wp-json\/wp\/v2\/comments?post=141498"}],"version-history":[{"count":1,"href":"http:\/\/elcuartopoder.com.mx\/nw\/wp-json\/wp\/v2\/posts\/141498\/revisions"}],"predecessor-version":[{"id":141499,"href":"http:\/\/elcuartopoder.com.mx\/nw\/wp-json\/wp\/v2\/posts\/141498\/revisions\/141499"}],"wp:featuredmedia":[{"embeddable":true,"href":"http:\/\/elcuartopoder.com.mx\/nw\/wp-json\/wp\/v2\/media\/141567"}],"wp:attachment":[{"href":"http:\/\/elcuartopoder.com.mx\/nw\/wp-json\/wp\/v2\/media?parent=141498"}],"wp:term":[{"taxonomy":"category","embeddable":true,"href":"http:\/\/elcuartopoder.com.mx\/nw\/wp-json\/wp\/v2\/categories?post=141498"},{"taxonomy":"post_tag","embeddable":true,"href":"http:\/\/elcuartopoder.com.mx\/nw\/wp-json\/wp\/v2\/tags?post=141498"}],"curies":[{"name":"wp","href":"https:\/\/api.w.org\/{rel}","templated":true}]}}