{"id":141506,"date":"2025-07-04T08:46:12","date_gmt":"2025-07-04T13:46:12","guid":{"rendered":"https:\/\/elcuartopoder.com.mx\/nw\/?p=141506"},"modified":"2025-07-04T08:46:14","modified_gmt":"2025-07-04T13:46:14","slug":"se-filtran-los-planes-del-funeral-de-carlos-iii-harry-y-meghan-claves-en-su-ultimo-adios","status":"publish","type":"post","link":"http:\/\/elcuartopoder.com.mx\/nw\/entretenimiento\/espectaculos\/se-filtran-los-planes-del-funeral-de-carlos-iii-harry-y-meghan-claves-en-su-ultimo-adios\/","title":{"rendered":"Se filtran los planes del funeral de Carlos III: Harry y Meghan, claves en su \u00faltimo adi\u00f3s"},"content":{"rendered":"\n<h2 class=\"wp-block-heading\">El monarca brit\u00e1nico dise\u00f1a una ceremonia que reunir\u00e1 a sus dos hijos al frente del cortejo y a sus nietos Archie y Lilibet en la Abad\u00eda de Westminster<\/h2>\n\n\n\n<h2 class=\"wp-block-heading\"><a href=\"https:\/\/www.abc.es\/gente\/amigo-intimo-harry-meghan-padrino-hija-acusado-20250623141257-nt.html\">Un amigo \u00edntimo de Harry y Meghan y padrino de su hija, acusado de acoso sexual y violencia de g\u00e9nero<\/a><\/h2>\n\n\n\n<p>Pocas ceremonias se preparan con tanta antelaci\u00f3n y meticulosidad como el funeral de un monarca brit\u00e1nico. La despedida de Isabel II fue la mejor prueba de ello y, ahora, el plan para\u00a0<strong>el \u00faltimo adi\u00f3s<\/strong>\u00a0de Carlos III comienza a perfilarse con detalles que, lejos de pasar desapercibidos, lanzan un\u00a0<strong>mensaje directo<\/strong>\u00a0a su familia y al mundo: el Rey quiere a su hijo menor, el\u00a0Pr\u00edncipe Harry, y a Meghan Markle,\u00a0junto a sus nietos Archie y Lilibet Diana, como\u00a0<strong>piezas clave<\/strong>\u00a0de la ceremonia.<\/p>\n\n\n\n<p>Seg\u00fan ha revelado &#8216;The Telegraph&#8217;, el monarca ha dado<strong>&nbsp;instrucciones claras<\/strong>&nbsp;para garantizar la presencia destacada de los Sussex en el acto m\u00e1s simb\u00f3lico de su reinado. En concreto, se espera que tanto Harry como Guillermo encabecen juntos la&nbsp;<strong>procesi\u00f3n f\u00fanebre<\/strong>&nbsp;por las calles de Londres tras el f\u00e9retro, un gesto con el que el monarca aspira a dejar clara la unidad de la familia en su \u00faltimo adi\u00f3s. Adem\u00e1s, Meghan, Archie y Lilibet tambi\u00e9n est\u00e1n contemplados en la&nbsp;<strong>lista de invitados<\/strong>&nbsp;para los oficios religiosos en la Abad\u00eda de Westminster y la misa \u00edntima posterior en la capilla de San Jorge, en Windsor.<\/p>\n\n\n\n<p>M\u00e1s all\u00e1 de la fr\u00eda etiqueta, estos gestos se leen como aut\u00e9nticas \u00abramas de olivo\u00bb entre padre e hijo tras a\u00f1os de tensiones. \u00abDesde el palacio de Buckingham se ha hablado poco de forma oficial. M\u00e1s all\u00e1 de alg\u00fan que otro encogimiento de hombros frustrado, los asesores reales se han reservado su opini\u00f3n, decididos a no avivar p\u00fablicamente esta profunda desavenencia personal\u00bb, apunta &#8216;The Telegraph&#8217;.<\/p>\n\n\n\n<p>El plan f\u00fanebre, dise\u00f1ado bajo el nombre en clave&nbsp;<strong>Operation Menai Bridge<\/strong>, en referencia al hist\u00f3rico puente de Gales que conecta la isla de Anglesey con el norte de Gales continental, recoge cada detalle del protocolo que se activar\u00e1 tras la muerte del soberano. Un dispositivo que hereda la liturgia de \u00abLondon Bridge is down\u00bb, la&nbsp;<strong>famosa frase<\/strong>&nbsp;que anunci\u00f3 la muerte de Isabel II, pero que introduce algunos cambios acordes a la impronta de Carlos III.<\/p>\n\n\n\n<figure class=\"wp-block-image size-full\"><img loading=\"lazy\" decoding=\"async\" width=\"760\" height=\"427\" src=\"https:\/\/elcuartopoder.com.mx\/nw\/wp-content\/uploads\/2025\/07\/guillermo-harry-carlos-U05363803642rUr-760x427@diario_abc.png\" alt=\"\" class=\"wp-image-141507\" srcset=\"http:\/\/elcuartopoder.com.mx\/nw\/wp-content\/uploads\/2025\/07\/guillermo-harry-carlos-U05363803642rUr-760x427@diario_abc.png 760w, http:\/\/elcuartopoder.com.mx\/nw\/wp-content\/uploads\/2025\/07\/guillermo-harry-carlos-U05363803642rUr-760x427@diario_abc-300x169.png 300w, http:\/\/elcuartopoder.com.mx\/nw\/wp-content\/uploads\/2025\/07\/guillermo-harry-carlos-U05363803642rUr-760x427@diario_abc-696x391.png 696w\" sizes=\"auto, (max-width: 760px) 100vw, 760px\" \/><\/figure>\n\n\n\n<p>En la l\u00ednea de su compromiso con la sostenibilidad, el Rey quiere que su funeral incluya&nbsp;<strong>elementos respetuosos con el medio ambiente<\/strong>&nbsp;y planea reducir la duraci\u00f3n del luto nacional. A diferencia del de su madre, que se prolong\u00f3 durante casi dos semanas, el periodo de duelo se limitar\u00e1 a&nbsp;<strong>diez u once d\u00edas,<\/strong>&nbsp;extendi\u00e9ndose hasta el d\u00eda siguiente de la ceremonia.<\/p>\n\n\n\n<p>A pesar de que la salud del monarca no es oficialmente alarmante, quienes le rodean reconocen que s\u00ed genera cierta preocupaci\u00f3n. En cualquier caso, la previsi\u00f3n forma parte de la tradici\u00f3n brit\u00e1nica: nada se improvisa cuando se trata de asegurar la continuidad de la Corona y la estabilidad del pa\u00eds.<\/p>\n\n\n\n<figure class=\"wp-block-image\"><img decoding=\"async\" src=\"https:\/\/s2.abcstatics.com\/abc\/www\/multimedia\/gente\/2025\/07\/02\/charles-iii-principe-harry-U62151634067Xkt-760x427@diario_abc.jpg\" alt=\"Se filtran los planes del funeral de Carlos III: Harry y Meghan, claves en su \u00faltimo adi\u00f3s\"\/><figcaption class=\"wp-element-caption\"><strong>GTRES<\/strong><\/figcaption><\/figure>\n\n\n\n<p>Mientras tanto, Harry sigue lanzando se\u00f1ales de acercamiento desde Montecito. Su versi\u00f3n, recogida en sus memorias En la sombra, describe a un Carlos III angustiado por la falta de entendimiento entre sus hijos. Basta recordar su s\u00faplica tras el funeral del duque de Edimburgo: \u00abPor favor, chicos, no convirt\u00e1is en un suplicio mis \u00faltimos a\u00f1os\u00bb.<\/p>\n\n\n\n<p>El tiempo dir\u00e1 si el mensaje del monarca consigue sellar la reconciliaci\u00f3n antes de su partida. Oportunidades no faltar\u00e1n: la celebraci\u00f3n de los Juegos Invictus en Reino Unido en 2027, la iniciativa insignia de Harry, o el 80\u00ba cumplea\u00f1os del Rey al a\u00f1o siguiente ser\u00e1n buenos term\u00f3metros para medir si el puente tendido desde Buckingham resiste o termina de romperse.<\/p>\n\n\n\n<p>Fuente: ABC<\/p>\n","protected":false},"excerpt":{"rendered":"<p>El monarca brit\u00e1nico dise\u00f1a una ceremonia que reunir\u00e1 a sus dos hijos al frente del cortejo y a sus nietos Archie y Lilibet en la Abad\u00eda de Westminster Un amigo \u00edntimo de Harry y Meghan y padrino de su hija, acusado de acoso sexual y violencia de g\u00e9nero Pocas ceremonias se preparan con tanta antelaci\u00f3n [&hellip;]<\/p>\n","protected":false},"author":2,"featured_media":141508,"comment_status":"open","ping_status":"open","sticky":false,"template":"","format":"standard","meta":{"footnotes":""},"categories":[11],"tags":[],"class_list":["post-141506","post","type-post","status-publish","format-standard","has-post-thumbnail","hentry","category-espectaculos"],"_links":{"self":[{"href":"http:\/\/elcuartopoder.com.mx\/nw\/wp-json\/wp\/v2\/posts\/141506","targetHints":{"allow":["GET"]}}],"collection":[{"href":"http:\/\/elcuartopoder.com.mx\/nw\/wp-json\/wp\/v2\/posts"}],"about":[{"href":"http:\/\/elcuartopoder.com.mx\/nw\/wp-json\/wp\/v2\/types\/post"}],"author":[{"embeddable":true,"href":"http:\/\/elcuartopoder.com.mx\/nw\/wp-json\/wp\/v2\/users\/2"}],"replies":[{"embeddable":true,"href":"http:\/\/elcuartopoder.com.mx\/nw\/wp-json\/wp\/v2\/comments?post=141506"}],"version-history":[{"count":1,"href":"http:\/\/elcuartopoder.com.mx\/nw\/wp-json\/wp\/v2\/posts\/141506\/revisions"}],"predecessor-version":[{"id":141509,"href":"http:\/\/elcuartopoder.com.mx\/nw\/wp-json\/wp\/v2\/posts\/141506\/revisions\/141509"}],"wp:featuredmedia":[{"embeddable":true,"href":"http:\/\/elcuartopoder.com.mx\/nw\/wp-json\/wp\/v2\/media\/141508"}],"wp:attachment":[{"href":"http:\/\/elcuartopoder.com.mx\/nw\/wp-json\/wp\/v2\/media?parent=141506"}],"wp:term":[{"taxonomy":"category","embeddable":true,"href":"http:\/\/elcuartopoder.com.mx\/nw\/wp-json\/wp\/v2\/categories?post=141506"},{"taxonomy":"post_tag","embeddable":true,"href":"http:\/\/elcuartopoder.com.mx\/nw\/wp-json\/wp\/v2\/tags?post=141506"}],"curies":[{"name":"wp","href":"https:\/\/api.w.org\/{rel}","templated":true}]}}