{"id":141513,"date":"2025-07-04T08:59:30","date_gmt":"2025-07-04T13:59:30","guid":{"rendered":"https:\/\/elcuartopoder.com.mx\/nw\/?p=141513"},"modified":"2025-07-04T08:59:31","modified_gmt":"2025-07-04T13:59:31","slug":"enfila-el-ezln-su-critica-a-los-partidos-de-oposicion-y-la-4t","status":"publish","type":"post","link":"http:\/\/elcuartopoder.com.mx\/nw\/politica\/enfila-el-ezln-su-critica-a-los-partidos-de-oposicion-y-la-4t\/","title":{"rendered":"Enfila el EZLN su cr\u00edtica a los partidos de oposici\u00f3n y la 4T"},"content":{"rendered":"\n<p>S<em>an Crist\u00f3bal de Las Casas, Chis<\/em>. \u201cLa alharaca que arma los siete d\u00edas de la semana la ultraderecha, (tambi\u00e9n conocida como\u00a0<em>la oposici\u00f3n<\/em>), no tiene como destinatario al votante\u201d, pues \u201c\u00e9ste ya est\u00e1 militando en el oficialismo con el pago de los cada vez m\u00e1s raqu\u00edticos, a la hora de llegar al destinatario, apoyos sociales\u201d, afirm\u00f3 el Capit\u00e1n\u00a0<em>Marcos<\/em>\u00a0del Ej\u00e9rcito Zapatista de Liberaci\u00f3n Nacional (EZLN).<\/p>\n\n\n\n<p>\u201cSe equivoca el oficialismo al festinar que la histeria de la derecha no produzca ning\u00fan efecto apreciable en lo que le importa: las votaciones. La ultraderecha no hace berrinche y patalea para que la gente de M\u00e9xico le mire. Es para que en&nbsp;<em>el norte revuelto y brutal<\/em>&nbsp;la tomen en cuenta\u201d, agreg\u00f3.<\/p>\n\n\n\n<p>En un comunicado difundido este mi\u00e9rcoles se\u00f1al\u00f3 que \u201ceste sector, aunque peque\u00f1o en n\u00famero, es bastante&nbsp;<em>ruidoso<\/em>&nbsp;en medios de comunicaci\u00f3n. Sin embargo, tendr\u00eda al menos dos problemas: Uno es el cu\u00e1ndo exponerse como lo que son. Y cuando dicen, en sus sobremesas, M\u00e9xico no ser\u00e1 Venezuela, lo hacen pensando en no mostrarse hasta que la bandera de las barras y las turbias estrellas ondee sobre el antiguo Palacio de Cort\u00e9s. \u2018No seremos Juan Guaid\u00f3, que se qued\u00f3 esperando el desembarco de los marines\u2019, se dicen\u201d.<\/p>\n\n\n\n<p>El problema m\u00e1s grande que tienen, manifest\u00f3, \u201cser\u00eda decidir qui\u00e9n ser\u00eda quien recibir\u00eda como anfitri\u00f3n al invasor. Y en su af\u00e1n de tomar la delantera, se revelar\u00edan. \u00bf<em>Alito<\/em>? \u00bfAnaya? \u00bfSalinas Pliego? \u00bfUn triunvirato? Esto \u00faltimo tiene el encanto de lo cl\u00e1sico. En general, actualmente la 4T le debe mucho a la ultraderecha. Sus eructos medi\u00e1ticos le dan cohesi\u00f3n interna, discurso patriotero y munici\u00f3n para las ma\u00f1aneras y los cagatintas afines\u201d.<\/p>\n\n\n\n<p>Marcos expres\u00f3 lo anterior al referirse al \u201chipot\u00e9tico\u201d caso de que Estados Unidos invadiera a M\u00e9xico. \u201cVamos a suponer un escenario ficticio: las posiciones que las fuerzas armadas norteamericanas han tomado en la frontera con M\u00e9xico y en aguas del Golfo de M\u00e9xico y del Pac\u00edfico, no son para amenazar, presionar o vigilar a los c\u00e1rteles. Tampoco para escaramuzas o golpes de mano de entrada por salida en contra de alg\u00fan c\u00e1rtel. La disposici\u00f3n estrat\u00e9gica de esas fuerzas es para una invasi\u00f3n\u201d.<\/p>\n\n\n\n<p>Si esto fuera as\u00ed, dijo, \u201centonces las referencias al himno nacional ser\u00edan m\u00e1s bien algo ret\u00f3rico. Un llamado a la unidad nacional, como en los tiempos de Luis Echeverr\u00eda \u00c1lvarez y Jos\u00e9 L\u00f3pez Portillo. Siempre siguiendo con el supositorio, entonces se esperar\u00eda que los malos gobiernos empezar\u00edan preparativos: se activar\u00eda el Servicio Militar Obligatorio y se instruir\u00eda a la poblaci\u00f3n civil en el manejo de armas de fuego, construcci\u00f3n de defensas, usos de abrigo y cubierta, conocimiento del terreno, cadena de mando. Claro, para eso habr\u00eda que dotar a la poblaci\u00f3n civil de armamento, por muy rudimentario que \u00e9ste sea. Y las fuerzas armadas reorientar\u00edan sus acciones a la preparaci\u00f3n de la defensa\u201d.<\/p>\n\n\n\n<p>Sostuvo que \u201cla prueba de que esto es impensable para los gobiernos es que precisamente la llamada ley de la Guardia Nacional aprobada ir\u00eda en sentido contrario. Toda la estructura y estrategia de las fuerzas armadas en M\u00e9xico estar\u00edan, en lo militar, dispuestas no para el control interno, sino para la defensa frente a un ataque del extranjero. Y los ej\u00e9rcitos no estar\u00edan dise\u00f1ando, construyendo y administrando los megaproyectos de la propaganda oficialista de la 4T\u201d.<\/p>\n\n\n\n<p>Continu\u00f3: \u201cSupongamos que el se\u00f1or Trump no se conforma con doblegar a M\u00e9xico con aranceles, cierres selectivos de fronteras, y con medidas comerciales y financieras. Supongamos que el Trump es alguien ansioso por darse a notar, por \u201cpasar a la historia\u201d (\u00bfles suena?). Supongamos que no le interesa un dominio discreto y callado de su objetivo, y que necesita alardear y piensa que nada mejor que las armas para hacerlo. Supongamos que el Trump es un \u2018buleador\u2019 que no s\u00f3lo necesita humillar a su objetivo, necesita que se vea, que esa acci\u00f3n cobarde \u201csirva de lecci\u00f3n\u201d. Claro, inteligente no es, pero tiene el arma cargada y apuntando\u201d.<\/p>\n\n\n\n<p>Afirm\u00f3 que \u201ccon su nueva prerrogativa, las fuerzas militares, en lugar de espiar a quienes critican y se oponen a la 4T, recabar\u00eda informaci\u00f3n sobre el terreno y de las capacidades militares del probable agresor. Por su parte, la parte agresora recabar\u00eda la informaci\u00f3n necesaria sobre el objetivo de la invasi\u00f3n. Y, como se ha visto, pesar\u00eda m\u00e1s la informaci\u00f3n sobre el car\u00e1cter del enemigo, su sicolog\u00eda, su modo pues\u201d.<\/p>\n\n\n\n<p>Se\u00f1al\u00f3 que \u201cotro elemento para considerar en esa supuesta invasi\u00f3n ser\u00eda si tiene apoyo local en el territorio invadido. Porque, a diferencia de Ucrania y Palestina, donde no apareci\u00f3 -o no ha aparecido todav\u00eda-, un Juan Guaid\u00f3 como en Venezuela, en M\u00e9xico s\u00ed hay quien suspira y aspira a ser parte de la Uni\u00f3n Americana\u201d.<\/p>\n\n\n\n<p>Fuente: La Jornada<\/p>\n","protected":false},"excerpt":{"rendered":"<p>San Crist\u00f3bal de Las Casas, Chis. \u201cLa alharaca que arma los siete d\u00edas de la semana la ultraderecha, (tambi\u00e9n conocida como\u00a0la oposici\u00f3n), no tiene como destinatario al votante\u201d, pues \u201c\u00e9ste ya est\u00e1 militando en el oficialismo con el pago de los cada vez m\u00e1s raqu\u00edticos, a la hora de llegar al destinatario, apoyos sociales\u201d, afirm\u00f3 [&hellip;]<\/p>\n","protected":false},"author":2,"featured_media":141515,"comment_status":"open","ping_status":"open","sticky":false,"template":"","format":"standard","meta":{"footnotes":""},"categories":[61],"tags":[],"class_list":["post-141513","post","type-post","status-publish","format-standard","has-post-thumbnail","hentry","category-politica"],"_links":{"self":[{"href":"http:\/\/elcuartopoder.com.mx\/nw\/wp-json\/wp\/v2\/posts\/141513","targetHints":{"allow":["GET"]}}],"collection":[{"href":"http:\/\/elcuartopoder.com.mx\/nw\/wp-json\/wp\/v2\/posts"}],"about":[{"href":"http:\/\/elcuartopoder.com.mx\/nw\/wp-json\/wp\/v2\/types\/post"}],"author":[{"embeddable":true,"href":"http:\/\/elcuartopoder.com.mx\/nw\/wp-json\/wp\/v2\/users\/2"}],"replies":[{"embeddable":true,"href":"http:\/\/elcuartopoder.com.mx\/nw\/wp-json\/wp\/v2\/comments?post=141513"}],"version-history":[{"count":1,"href":"http:\/\/elcuartopoder.com.mx\/nw\/wp-json\/wp\/v2\/posts\/141513\/revisions"}],"predecessor-version":[{"id":141516,"href":"http:\/\/elcuartopoder.com.mx\/nw\/wp-json\/wp\/v2\/posts\/141513\/revisions\/141516"}],"wp:featuredmedia":[{"embeddable":true,"href":"http:\/\/elcuartopoder.com.mx\/nw\/wp-json\/wp\/v2\/media\/141515"}],"wp:attachment":[{"href":"http:\/\/elcuartopoder.com.mx\/nw\/wp-json\/wp\/v2\/media?parent=141513"}],"wp:term":[{"taxonomy":"category","embeddable":true,"href":"http:\/\/elcuartopoder.com.mx\/nw\/wp-json\/wp\/v2\/categories?post=141513"},{"taxonomy":"post_tag","embeddable":true,"href":"http:\/\/elcuartopoder.com.mx\/nw\/wp-json\/wp\/v2\/tags?post=141513"}],"curies":[{"name":"wp","href":"https:\/\/api.w.org\/{rel}","templated":true}]}}