{"id":141517,"date":"2025-07-04T09:03:04","date_gmt":"2025-07-04T14:03:04","guid":{"rendered":"https:\/\/elcuartopoder.com.mx\/nw\/?p=141517"},"modified":"2025-07-04T09:03:05","modified_gmt":"2025-07-04T14:03:05","slug":"ejidatarios-se-deslindan-de-fraudes-inmobiliarios-en-bonfil","status":"publish","type":"post","link":"http:\/\/elcuartopoder.com.mx\/nw\/municipales\/ejidatarios-se-deslindan-de-fraudes-inmobiliarios-en-bonfil\/","title":{"rendered":"Ejidatarios se deslindan de fraudes inmobiliarios en Bonfil"},"content":{"rendered":"\n<p>Delegada de la zona, coment\u00f3 que han detectado personas ajenas a la comunidad ejidal, que realizan estos fraudes.<\/p>\n\n\n\n<p>Los responsables de las acusaciones de reventas de predios en&nbsp;<strong>colonias no municipalizadas<\/strong>&nbsp;que se ubican en el<strong>&nbsp;ejido Alfredo V. Bonfil,<\/strong>&nbsp;son ajenos a dicha comunidad. Faviola Mart\u00ednez Gonz\u00e1lez, delegada de la zona, coment\u00f3 que se han detectado personas ajenas a la comunidad ejidal, que realizan estos fraudes a las familias que radican en varias colonias.&nbsp;<\/p>\n\n\n\n<p>\u201cNo es un tema de ejidatarios, sino que han estado entrando personas que son ajenas, quienes han querido aprovecharse de los ciudadanos con enga\u00f1os para recibir pagos\u201d.<\/p>\n\n\n\n<blockquote class=\"wp-block-quote is-layout-flow wp-block-quote-is-layout-flow\"><\/blockquote>\n\n\n\n<p>Por ello, asegur\u00f3 que se pide a los habitantes que tengan trato directo con los ejidatarios y el gobierno municipal, pues ya hay un\u00a0<strong>acercamiento entre todas las partes<\/strong>\u00a0para evitar estafas en la compra de su lote.<\/p>\n\n\n\n<figure class=\"wp-block-image size-full is-resized\"><img loading=\"lazy\" decoding=\"async\" width=\"580\" height=\"387\" src=\"https:\/\/elcuartopoder.com.mx\/nw\/wp-content\/uploads\/2025\/07\/1751499852730.png\" alt=\"\" class=\"wp-image-141519\" style=\"width:726px;height:auto\" srcset=\"http:\/\/elcuartopoder.com.mx\/nw\/wp-content\/uploads\/2025\/07\/1751499852730.png 580w, http:\/\/elcuartopoder.com.mx\/nw\/wp-content\/uploads\/2025\/07\/1751499852730-300x200.png 300w\" sizes=\"auto, (max-width: 580px) 100vw, 580px\" \/><\/figure>\n\n\n\n<p>Ejidatarios se deslindan de fraudes inmobiliarios en Bonfil<\/p>\n\n\n\n<p>\u201cSi alg\u00fan ciudadano tiene alguna duda, ac\u00e9rquese a la Casa Ejidal, al Ayuntamiento o a los ejidatarios, para que tengan certeza jur\u00eddica, que es lo que se busca &nbsp;(\u2026 ) Se han detectado personas que han lucrado con la necesidad de las personas de tener un predio, por eso los invitamos a que se acerquen para tener informaci\u00f3n de los due\u00f1o de esos lotes\u201d.<\/p>\n\n\n\n<blockquote class=\"wp-block-quote is-layout-flow wp-block-quote-is-layout-flow\"><\/blockquote>\n\n\n\n<p>\u201cM\u00e1s que nada, creo que ha habido desinformaci\u00f3n en ese tema. Actualmente, la Casa Ejidal y la &nbsp;directiva est\u00e1n a disposici\u00f3n de platicar y llegar acuerdos con el municipio. Se est\u00e1 trabajando de la mano con las autoridades\u201d.<\/p>\n\n\n\n<p>La entrevistada asegur\u00f3 que&nbsp;<strong>se trabaja con el Instituto de Regularizaci\u00f3n para el Bienestar Patrimonial,<\/strong>&nbsp;por lo que se han realizado mesas de trabajo con el objetivo de avanzar en la municipalizaci\u00f3n de varias colonias, como&nbsp;<strong>El Porvenir,La Chiapaneca, Avante, Tres Reyes, Colonia M\u00e9xico, entre otras.<\/strong><\/p>\n\n\n\n<p><em>\u201cEn la colonia El Porvenir es donde se registra el mayor &nbsp;avance y se han estado tocando temas concernientes a la Chiapaneca\u201d,&nbsp;<\/em>dijo, para agregar que incluso en ambos casos ya trabajan con la&nbsp;<strong>Comisi\u00f3n Federal de Electricidad<\/strong>&nbsp;(CFE) para llevar a cabo la electrificaci\u00f3n.<\/p>\n\n\n\n<p>Fuente: SIPSE<\/p>\n","protected":false},"excerpt":{"rendered":"<p>Delegada de la zona, coment\u00f3 que han detectado personas ajenas a la comunidad ejidal, que realizan estos fraudes. Los responsables de las acusaciones de reventas de predios en&nbsp;colonias no municipalizadas&nbsp;que se ubican en el&nbsp;ejido Alfredo V. Bonfil,&nbsp;son ajenos a dicha comunidad. Faviola Mart\u00ednez Gonz\u00e1lez, delegada de la zona, coment\u00f3 que se han detectado personas ajenas [&hellip;]<\/p>\n","protected":false},"author":2,"featured_media":141518,"comment_status":"open","ping_status":"open","sticky":false,"template":"","format":"standard","meta":{"footnotes":""},"categories":[6],"tags":[],"class_list":["post-141517","post","type-post","status-publish","format-standard","has-post-thumbnail","hentry","category-municipales"],"_links":{"self":[{"href":"http:\/\/elcuartopoder.com.mx\/nw\/wp-json\/wp\/v2\/posts\/141517","targetHints":{"allow":["GET"]}}],"collection":[{"href":"http:\/\/elcuartopoder.com.mx\/nw\/wp-json\/wp\/v2\/posts"}],"about":[{"href":"http:\/\/elcuartopoder.com.mx\/nw\/wp-json\/wp\/v2\/types\/post"}],"author":[{"embeddable":true,"href":"http:\/\/elcuartopoder.com.mx\/nw\/wp-json\/wp\/v2\/users\/2"}],"replies":[{"embeddable":true,"href":"http:\/\/elcuartopoder.com.mx\/nw\/wp-json\/wp\/v2\/comments?post=141517"}],"version-history":[{"count":1,"href":"http:\/\/elcuartopoder.com.mx\/nw\/wp-json\/wp\/v2\/posts\/141517\/revisions"}],"predecessor-version":[{"id":141520,"href":"http:\/\/elcuartopoder.com.mx\/nw\/wp-json\/wp\/v2\/posts\/141517\/revisions\/141520"}],"wp:featuredmedia":[{"embeddable":true,"href":"http:\/\/elcuartopoder.com.mx\/nw\/wp-json\/wp\/v2\/media\/141518"}],"wp:attachment":[{"href":"http:\/\/elcuartopoder.com.mx\/nw\/wp-json\/wp\/v2\/media?parent=141517"}],"wp:term":[{"taxonomy":"category","embeddable":true,"href":"http:\/\/elcuartopoder.com.mx\/nw\/wp-json\/wp\/v2\/categories?post=141517"},{"taxonomy":"post_tag","embeddable":true,"href":"http:\/\/elcuartopoder.com.mx\/nw\/wp-json\/wp\/v2\/tags?post=141517"}],"curies":[{"name":"wp","href":"https:\/\/api.w.org\/{rel}","templated":true}]}}