{"id":141545,"date":"2025-07-04T10:52:54","date_gmt":"2025-07-04T15:52:54","guid":{"rendered":"https:\/\/elcuartopoder.com.mx\/nw\/?p=141545"},"modified":"2025-07-04T10:52:55","modified_gmt":"2025-07-04T15:52:55","slug":"tienen-razon-los-colectivos-se-debe-investigar-sheinbaum-sobre-casos-de-ninas-que-fueron-madres","status":"publish","type":"post","link":"http:\/\/elcuartopoder.com.mx\/nw\/editorial\/tienen-razon-los-colectivos-se-debe-investigar-sheinbaum-sobre-casos-de-ninas-que-fueron-madres\/","title":{"rendered":"\u00abTienen raz\u00f3n los colectivos, se debe investigar\u00bb: Sheinbaum sobre casos de ni\u00f1as que fueron madres"},"content":{"rendered":"\n<p>a presidenta aclar\u00f3 que los colectivos que han compartido esta informaci\u00f3n \u201ctienen raz\u00f3n\u201d en cuestionar el abuso que existe en todos los casos de embarazo infantil y agreg\u00f3 que las leyes protegen siempre a las menores de edad.<\/p>\n\n\n\n<p>El\u00a0<strong>embarazo infantil<\/strong>\u00a0forma parte de la estructura de violencia\u00a0de g\u00e9nero en M\u00e9xico\u00a0y, pese a todos los esfuerzos de pol\u00edtica p\u00fablica y de la sociedad civil, en el pa\u00eds todav\u00eda hay ni\u00f1as convirti\u00e9ndose en madres.\u00a0\u00a0<\/p>\n\n\n\n<p>Durante conferencia de prensa, la presidenta de M\u00e9xico,&nbsp;<strong>Claudia Sheinbaum<\/strong>, fue cuestionada por los casos expuestos en un listado viralizado por colectivos feministas sobre nacimientos registrados en donde las madres son ni\u00f1as de entre 10 y 12 a\u00f1os.<\/p>\n\n\n\n<p>\u201cClaro que se tienen que investigar y pueden ser casos de delito penal\u201d, dijo Sheinbaum ante la pregunta de una reportera sobre las medidas que se tomar\u00e1n.<\/p>\n\n\n\n<p>La presidenta aclar\u00f3 que los colectivos que han compartido esta informaci\u00f3n \u201ctienen raz\u00f3n\u201d en cuestionar el<strong>&nbsp;abuso que existe en todos los casos de embarazo infantil<\/strong>&nbsp;y agreg\u00f3 que las leyes protegen siempre a las menores de edad.<\/p>\n\n\n\n<p>En d\u00edas pasados,&nbsp;<strong>Olga S\u00e1nchez Cordero<\/strong>&nbsp;tambi\u00e9n se pronunci\u00f3 al respecto; sosteniendo que el aborto debe ser despenalizado en todas las entidades federativas del pa\u00eds.<\/p>\n\n\n\n<p>\u201c\u00a1La\u00a0interrupci\u00f3n legal del embarazo\u00a0deber\u00eda estar regulada en todos los c\u00f3digos penales del pa\u00eds y proceder a\u00fan sin el acompa\u00f1amiento de los padres cuando sea una ni\u00f1a o adolescente!\u201d, escribi\u00f3 la reconocida jurista en su cuenta de X.<\/p>\n\n\n\n<h2 class=\"wp-block-heading\">Sobre los casos de abuso y embarazo infantil<\/h2>\n\n\n\n<p>El listado, difundido por distintas organizaciones feministas, fue elaborado por una divulgadora de datos y presenta cifras de la Secretar\u00eda de Salud federal. Expone los 30 casos de nacimientos en donde las madres se registraron como ni\u00f1as de apenas 10 y 12 a\u00f1os.<\/p>\n\n\n\n<p>La publicaci\u00f3n, adem\u00e1s, expone los casos de&nbsp;<strong>embarazo infanti<\/strong>l en donde se conocen las edades de quien se registr\u00f3 como el padre en el nacimiento. En la mayor\u00eda de los casos son hombres adultos de entre 30 y hasta 65 a\u00f1os.<\/p>\n\n\n\n<p>En una segunda tabla se presentan otros 30 casos en donde, si bien las madres son mayores de edad, los registrados como padres tienen 50 y hasta 75 a\u00f1os m\u00e1s que ellas.<\/p>\n\n\n\n<p>Los embarazos infantiles y adolescentes no son un problema de salud p\u00fablica, sino una limitante para el ejercicio pleno y efectivo de los derechos de las mujeres. De acuerdo con la&nbsp;<strong>Secretar\u00eda de las Mujeres&nbsp;<\/strong>(antes Inmujeres), \u201cel embarazo en las y los adolescentes afecta negativamente la salud, la permanencia en la escuela, los ingresos presentes y futuros, el acceso a oportunidades recreativas, sociales y laborales especializadas y de calidad y el desarrollo humano\u201d.<\/p>\n\n\n\n<p>La Unicef adem\u00e1s alerta que un embarazo en una ni\u00f1a menor a 15 a\u00f1os debe llamar la atenci\u00f3n de todos los agentes involucrados, desde las autoridades sanitarias hasta las jur\u00eddicas por el contexto impl\u00edcito del hecho y por los riesgos que conlleva.<\/p>\n\n\n\n<p>\u00abEl embarazo de una ni\u00f1a o adolescente menor de 15 a\u00f1os es una de las problem\u00e1ticas que exige atenci\u00f3n integral, ya que se trata de un momento en el que no est\u00e1 biol\u00f3gicamente madura ni psicol\u00f3gicamente preparada para un embarazo. Existen riesgos f\u00edsicos para la gestante, como prematuridad y mayor peligro de muerte, y tambi\u00e9n diversas implicancias emocionales y psicol\u00f3gicas. Asimismo tiene consecuencias sociales gravosas debido a que afecta la posibilidad de ejercer su derecho a la educaci\u00f3n, las convierte, de un d\u00eda para otro, en adultas en tanto tienen que asumir responsabilidades que no son propias de su edad, y les coarta el acceso a muchas oportunidades de desarrollo laboral y personal\u00bb, establece el reporte\u00a0Abuso sexual y embarazo forzado en la ni\u00f1ez y adolescencia\u00a0del Unicef.<\/p>\n\n\n\n<p>Fuente:eleconomista<\/p>\n","protected":false},"excerpt":{"rendered":"<p>a presidenta aclar\u00f3 que los colectivos que han compartido esta informaci\u00f3n \u201ctienen raz\u00f3n\u201d en cuestionar el abuso que existe en todos los casos de embarazo infantil y agreg\u00f3 que las leyes protegen siempre a las menores de edad. El\u00a0embarazo infantil\u00a0forma parte de la estructura de violencia\u00a0de g\u00e9nero en M\u00e9xico\u00a0y, pese a todos los esfuerzos de [&hellip;]<\/p>\n","protected":false},"author":2,"featured_media":141546,"comment_status":"open","ping_status":"open","sticky":false,"template":"","format":"standard","meta":{"footnotes":""},"categories":[63],"tags":[],"class_list":["post-141545","post","type-post","status-publish","format-standard","has-post-thumbnail","hentry","category-editorial"],"_links":{"self":[{"href":"http:\/\/elcuartopoder.com.mx\/nw\/wp-json\/wp\/v2\/posts\/141545","targetHints":{"allow":["GET"]}}],"collection":[{"href":"http:\/\/elcuartopoder.com.mx\/nw\/wp-json\/wp\/v2\/posts"}],"about":[{"href":"http:\/\/elcuartopoder.com.mx\/nw\/wp-json\/wp\/v2\/types\/post"}],"author":[{"embeddable":true,"href":"http:\/\/elcuartopoder.com.mx\/nw\/wp-json\/wp\/v2\/users\/2"}],"replies":[{"embeddable":true,"href":"http:\/\/elcuartopoder.com.mx\/nw\/wp-json\/wp\/v2\/comments?post=141545"}],"version-history":[{"count":1,"href":"http:\/\/elcuartopoder.com.mx\/nw\/wp-json\/wp\/v2\/posts\/141545\/revisions"}],"predecessor-version":[{"id":141547,"href":"http:\/\/elcuartopoder.com.mx\/nw\/wp-json\/wp\/v2\/posts\/141545\/revisions\/141547"}],"wp:featuredmedia":[{"embeddable":true,"href":"http:\/\/elcuartopoder.com.mx\/nw\/wp-json\/wp\/v2\/media\/141546"}],"wp:attachment":[{"href":"http:\/\/elcuartopoder.com.mx\/nw\/wp-json\/wp\/v2\/media?parent=141545"}],"wp:term":[{"taxonomy":"category","embeddable":true,"href":"http:\/\/elcuartopoder.com.mx\/nw\/wp-json\/wp\/v2\/categories?post=141545"},{"taxonomy":"post_tag","embeddable":true,"href":"http:\/\/elcuartopoder.com.mx\/nw\/wp-json\/wp\/v2\/tags?post=141545"}],"curies":[{"name":"wp","href":"https:\/\/api.w.org\/{rel}","templated":true}]}}