{"id":141551,"date":"2025-07-04T15:20:47","date_gmt":"2025-07-04T20:20:47","guid":{"rendered":"https:\/\/elcuartopoder.com.mx\/nw\/?p=141551"},"modified":"2025-07-04T15:20:48","modified_gmt":"2025-07-04T20:20:48","slug":"meta-crea-un-equipo-para-desarrollar-la-ia-que-sera-mas-lista-que-cualquier-humano","status":"publish","type":"post","link":"http:\/\/elcuartopoder.com.mx\/nw\/entretenimiento\/tecnologia\/meta-crea-un-equipo-para-desarrollar-la-ia-que-sera-mas-lista-que-cualquier-humano\/","title":{"rendered":"Meta crea un equipo para desarrollar la IA que ser\u00e1 m\u00e1s lista que cualquier humano"},"content":{"rendered":"\n<h2 class=\"wp-block-heading\">La empresa ha captado trabajadores de OpenAI y Google con ofertas de hasta 100 millones de d\u00f3lares<\/h2>\n\n\n\n<h2 class=\"wp-block-heading\"><a href=\"https:\/\/www.abc.es\/tecnologia\/creacion-super-ia-lista-humanos-ultimo-sueno-20250627165628-nt.html\">La creaci\u00f3n de la &#8216;S\u00faper IA&#8217; m\u00e1s lista que los humanos: el \u00faltimo sue\u00f1o de Silicon Valley<\/a><\/h2>\n\n\n\n<p><strong>Meta<\/strong>\u00a0quiere ganar la carrera para desarrollar las herramientas de\u00a0<strong>IA<\/strong>\u00a0m\u00e1s capaces que puede ofrecer el mercado. La tecnol\u00f3gica de Mountain View va a crear un nuevo grupo de trabajadores y cient\u00edficos que estar\u00e1 enfocado en desarrollar la\u00a0superinteligencia artificial; una versi\u00f3n hipervitaminada de las m\u00e1quinas actuales que, cuando llegue, de acuerdo con algunos gur\u00fas, podr\u00eda ser capaz de superar en conocimiento y pensamiento a cualquier humano independientemente del campo en el que sea experto.<\/p>\n\n\n\n<p>\u00abA medida que el ritmo del progreso de la IA se acelera, el desarrollo de la superinteligencia se vislumbra. Creo que este ser\u00e1 el comienzo de una nueva era para la humanidad, y estoy totalmente comprometido a hacer lo necesario para que Meta lidere el camino\u00bb, ha afirmado el CEO de Meta,\u00a0<strong>Mark Zuckerberg<\/strong>, en un comunicado remitido a parte de la plantilla y que ha sido recogido, en primer lugar, por &#8216;Bloomberg&#8217;.<\/p>\n\n\n\n<p>M\u00c1S INFORMACI\u00d3N<\/p>\n\n\n\n<ul class=\"wp-block-list\">\n<li>\u00a0La IA escribe como tu autor preferido porque piratea sus libros<\/li>\n<\/ul>\n\n\n\n<p>El grupo de cient\u00edficos se integrar\u00e1 en un equipo llamado Meta Superintelligence Lab. Este estar\u00e1 dirigido por&nbsp;<strong>Alexander Wang<\/strong>&nbsp;, exdirector ejecutivo de la startup de etiquetado de datos Scale AI, que fue adquirida recientemente por Meta a cambio de 14.300 millones de d\u00f3lares. Wang ser\u00e1 el encargado principal de la parte de negocio y de conseguir convencer a los inversores de que apuesten por la tecnolog\u00eda de la empresa. \u00abTiene una clara comprensi\u00f3n de la importancia hist\u00f3rica de la superinteligencia y, como cofundador y CEO, convirti\u00f3 a ScaleAI en una empresa de r\u00e1pido crecimiento, involucrada en el desarrollo de casi todos los modelos l\u00edderes del sector\u00bb, ha se\u00f1alado Zuckerberg al respecto de su nombramiento.<\/p>\n\n\n\n<p>El padre de Facebook tambi\u00e9n ha anunciado que&nbsp;<strong>Nat Friedman<\/strong>, exdirector ejecutivo de Github, colaborar\u00e1 con Wang en la direcci\u00f3n del nuevo grupo; se ocupar\u00e1, en concreto, de liderar las labores de investigaci\u00f3n y de desarrollo de nuevas herramientas basadas en IA.<\/p>\n\n\n\n<p><strong>Est\u00e1s leyendo esta noticia en abierto,<\/strong>&nbsp;pero sin el apoyo de nuestros suscriptores no ser\u00eda posible. S\u00famate t\u00fa tambi\u00e9n. Ay\u00fadanos a seguir haciendo periodismo de calidad.<\/p>\n\n\n\n<p>El nuevo grupo tambi\u00e9n cuenta con varios extrabajadores de&nbsp;<strong>OpenAI<\/strong>, la empresa detr\u00e1s de&nbsp;<strong>ChatGPT<\/strong>, que es la herramienta que dio inicio a la fiebre por la inteligencia artificial generativa. La firma dirigida por Sam Altman es una de las que m\u00e1s ambici\u00f3n ha mostrado hasta el momento en la consecuci\u00f3n de la superinteligencia. Algunos analistas esperan, incluso, que la compa\u00f1\u00eda anuncie en los pr\u00f3ximos meses la creaci\u00f3n de una herramienta que podr\u00eda llegar a ser considerada como la primera inteligencia artificial general (AGI), que representar\u00eda un hipot\u00e9tico punto intermedio entre las herramientas actuales y la versi\u00f3n superior, que no est\u00e1 claro ni cuando llegar\u00e1 ni de qu\u00e9 modo.<\/p>\n\n\n\n<p>Entre los miembros del equipo tambi\u00e9n hay nombres de extrabajadores de Google y de startups de IA como Anthropic. Todos ellos han sido captados por Meta con suculentas ofertas econ\u00f3micas que, de acuerdo con OpenAI, que es la que m\u00e1s ha sufrido los efectos de la suma de talento, incluyen bonus por firma de contrato de hasta 100 millones de d\u00f3lares.<\/p>\n\n\n\n<p>Fuente: ABC<\/p>\n","protected":false},"excerpt":{"rendered":"<p>La empresa ha captado trabajadores de OpenAI y Google con ofertas de hasta 100 millones de d\u00f3lares La creaci\u00f3n de la &#8216;S\u00faper IA&#8217; m\u00e1s lista que los humanos: el \u00faltimo sue\u00f1o de Silicon Valley Meta\u00a0quiere ganar la carrera para desarrollar las herramientas de\u00a0IA\u00a0m\u00e1s capaces que puede ofrecer el mercado. La tecnol\u00f3gica de Mountain View va [&hellip;]<\/p>\n","protected":false},"author":2,"featured_media":141552,"comment_status":"open","ping_status":"open","sticky":false,"template":"","format":"standard","meta":{"footnotes":""},"categories":[57],"tags":[],"class_list":["post-141551","post","type-post","status-publish","format-standard","has-post-thumbnail","hentry","category-tecnologia"],"_links":{"self":[{"href":"http:\/\/elcuartopoder.com.mx\/nw\/wp-json\/wp\/v2\/posts\/141551","targetHints":{"allow":["GET"]}}],"collection":[{"href":"http:\/\/elcuartopoder.com.mx\/nw\/wp-json\/wp\/v2\/posts"}],"about":[{"href":"http:\/\/elcuartopoder.com.mx\/nw\/wp-json\/wp\/v2\/types\/post"}],"author":[{"embeddable":true,"href":"http:\/\/elcuartopoder.com.mx\/nw\/wp-json\/wp\/v2\/users\/2"}],"replies":[{"embeddable":true,"href":"http:\/\/elcuartopoder.com.mx\/nw\/wp-json\/wp\/v2\/comments?post=141551"}],"version-history":[{"count":1,"href":"http:\/\/elcuartopoder.com.mx\/nw\/wp-json\/wp\/v2\/posts\/141551\/revisions"}],"predecessor-version":[{"id":141553,"href":"http:\/\/elcuartopoder.com.mx\/nw\/wp-json\/wp\/v2\/posts\/141551\/revisions\/141553"}],"wp:featuredmedia":[{"embeddable":true,"href":"http:\/\/elcuartopoder.com.mx\/nw\/wp-json\/wp\/v2\/media\/141552"}],"wp:attachment":[{"href":"http:\/\/elcuartopoder.com.mx\/nw\/wp-json\/wp\/v2\/media?parent=141551"}],"wp:term":[{"taxonomy":"category","embeddable":true,"href":"http:\/\/elcuartopoder.com.mx\/nw\/wp-json\/wp\/v2\/categories?post=141551"},{"taxonomy":"post_tag","embeddable":true,"href":"http:\/\/elcuartopoder.com.mx\/nw\/wp-json\/wp\/v2\/tags?post=141551"}],"curies":[{"name":"wp","href":"https:\/\/api.w.org\/{rel}","templated":true}]}}