{"id":141554,"date":"2025-07-04T15:24:03","date_gmt":"2025-07-04T20:24:03","guid":{"rendered":"https:\/\/elcuartopoder.com.mx\/nw\/?p=141554"},"modified":"2025-07-04T15:24:05","modified_gmt":"2025-07-04T20:24:05","slug":"washington-pide-a-su-encargado-de-negocios-en-bogota-regresar-a-eu","status":"publish","type":"post","link":"http:\/\/elcuartopoder.com.mx\/nw\/internacionales\/washington-pide-a-su-encargado-de-negocios-en-bogota-regresar-a-eu\/","title":{"rendered":"Washington pide a su encargado de negocios en Bogot\u00e1 regresar a EU"},"content":{"rendered":"\n<p><em>Ciudad de M\u00e9xico.<\/em>&nbsp;Estados Unidos llam\u00f3 a consultas a su encargado de negocios interino en Bogot\u00e1, John T. McNamara, tras declaraciones infundadas y reprensibles de los m\u00e1s altos niveles del gobierno de Colombia, inform\u00f3 el Departamento de Estado en un comunicado oficial.<\/p>\n\n\n\n<p>El Secretario de Estado, Marco Rubio pidi\u00f3 a McNamara regresar a Washington y anunci\u00f3 que adoptar\u00e1 \u201cotras medidas\u201d para mostrar su preocupaci\u00f3n por el estado actual de la relaci\u00f3n bilateral.<\/p>\n\n\n\n<p>En el comunicado el departamento de Estado asegur\u00f3 que a pesar de las diferencias pol\u00edticas con el gobierno colombiano, el pa\u00eds latinoamericano sigue siendo un socio estrat\u00e9gico esencial para Estados Unidos y mostr\u00f3 su compromiso por alcanzar \u201cuna estrecha cooperaci\u00f3n en diversas prioridades compartidas, como la seguridad y la estabilidad regionales\u201d.<\/p>\n\n\n\n<p>Esta medida llega en momentos en que fue revelado un presunto complot, liderado por el ex canciller \u00c1lvaro Leyva, para sacar de la presidencia a Gustavo Petro.<\/p>\n\n\n\n<p><strong>Gustavo Petro adopta la misma medida con su embajador en EU<\/strong><\/p>\n\n\n\n<p>El presidente de Colombia, Gustavo Petro anunci\u00f3 este jueves que llam\u00f3 a consultas a Daniel Garc\u00eda-Pe\u00f1a, embajador colombiano en Washington. La decisi\u00f3n de Petro lleg\u00f3 en momentos en que una medida similar fue adoptada por Estados Unidos, que llam\u00f3 a consultas a su encargado de negocios interino en Bogot\u00e1.<\/p>\n\n\n\n<p>El mandatario colombiano oficializ\u00f3 esta decisi\u00f3n en su cuenta de X, en un mensaje en el que destac\u00f3 que, al igual que todas sus cartas dirigidas al presidente Donald Trump, la acci\u00f3n surgi\u00f3 \u201cdesde mi pensamiento y mis manos\u201d.<\/p>\n\n\n\n<p>Petro a\u00f1adi\u00f3 que Garc\u00eda-Pe\u00f1a deber\u00e1 regresar a Bogot\u00e1 para informar sobre el desarrollo de la agenda bilateral, en la cual el presidente colombiano se comprometi\u00f3 desde el inicio de su gobierno.<\/p>\n\n\n\n<p>Fuente: La Jornada<\/p>\n","protected":false},"excerpt":{"rendered":"<p>Ciudad de M\u00e9xico.&nbsp;Estados Unidos llam\u00f3 a consultas a su encargado de negocios interino en Bogot\u00e1, John T. McNamara, tras declaraciones infundadas y reprensibles de los m\u00e1s altos niveles del gobierno de Colombia, inform\u00f3 el Departamento de Estado en un comunicado oficial. El Secretario de Estado, Marco Rubio pidi\u00f3 a McNamara regresar a Washington y anunci\u00f3 [&hellip;]<\/p>\n","protected":false},"author":2,"featured_media":141555,"comment_status":"open","ping_status":"open","sticky":false,"template":"","format":"standard","meta":{"footnotes":""},"categories":[8],"tags":[],"class_list":["post-141554","post","type-post","status-publish","format-standard","has-post-thumbnail","hentry","category-internacionales"],"_links":{"self":[{"href":"http:\/\/elcuartopoder.com.mx\/nw\/wp-json\/wp\/v2\/posts\/141554","targetHints":{"allow":["GET"]}}],"collection":[{"href":"http:\/\/elcuartopoder.com.mx\/nw\/wp-json\/wp\/v2\/posts"}],"about":[{"href":"http:\/\/elcuartopoder.com.mx\/nw\/wp-json\/wp\/v2\/types\/post"}],"author":[{"embeddable":true,"href":"http:\/\/elcuartopoder.com.mx\/nw\/wp-json\/wp\/v2\/users\/2"}],"replies":[{"embeddable":true,"href":"http:\/\/elcuartopoder.com.mx\/nw\/wp-json\/wp\/v2\/comments?post=141554"}],"version-history":[{"count":1,"href":"http:\/\/elcuartopoder.com.mx\/nw\/wp-json\/wp\/v2\/posts\/141554\/revisions"}],"predecessor-version":[{"id":141556,"href":"http:\/\/elcuartopoder.com.mx\/nw\/wp-json\/wp\/v2\/posts\/141554\/revisions\/141556"}],"wp:featuredmedia":[{"embeddable":true,"href":"http:\/\/elcuartopoder.com.mx\/nw\/wp-json\/wp\/v2\/media\/141555"}],"wp:attachment":[{"href":"http:\/\/elcuartopoder.com.mx\/nw\/wp-json\/wp\/v2\/media?parent=141554"}],"wp:term":[{"taxonomy":"category","embeddable":true,"href":"http:\/\/elcuartopoder.com.mx\/nw\/wp-json\/wp\/v2\/categories?post=141554"},{"taxonomy":"post_tag","embeddable":true,"href":"http:\/\/elcuartopoder.com.mx\/nw\/wp-json\/wp\/v2\/tags?post=141554"}],"curies":[{"name":"wp","href":"https:\/\/api.w.org\/{rel}","templated":true}]}}