{"id":141572,"date":"2025-07-07T08:41:26","date_gmt":"2025-07-07T13:41:26","guid":{"rendered":"https:\/\/elcuartopoder.com.mx\/nw\/?p=141572"},"modified":"2025-07-07T08:41:28","modified_gmt":"2025-07-07T13:41:28","slug":"van-der-poel-gana-la-segunda-etapa-y-es-nuevo-lider-del-tour-de-francia","status":"publish","type":"post","link":"http:\/\/elcuartopoder.com.mx\/nw\/entretenimiento\/deportes\/van-der-poel-gana-la-segunda-etapa-y-es-nuevo-lider-del-tour-de-francia\/","title":{"rendered":"Van der Poel gana la segunda etapa y es nuevo l\u00edder del Tour de Francia"},"content":{"rendered":"\n<p>El corredor neerland\u00e9s Mathieu van der Poel (Alpecin-Deceuninck) se impuso este domingo en la segunda etapa del\u00a0Tour de Francia, con final en Boulogne-sur-Mer (noroeste), y se visti\u00f3 con el maillot amarillo de l\u00edder de la general.<\/p>\n\n\n\n<p>En un emocionante final en subida, &#8216;MVDP&#8217;, especialista en ese tipo de llegadas, se hizo con su segunda victoria de etapa en el Tour,<strong>&nbsp;superando al vigente campe\u00f3n&nbsp;<\/strong>de la ronda francesa y campe\u00f3n del mundo Tadej Pogacar, que se coloc\u00f3 segundo en la general, justo por delante del dan\u00e9s Jonas Vingegaard.<\/p>\n\n\n\n<p>Van der Poel, el nieto del m\u00edtico corredor Raymond Poulidor, de 30 a\u00f1os, ya se hab\u00eda vestido de amarillo en 2021, precisamente luego de haber ganado su primera etapa, en el Muro de Breta\u00f1a.<\/p>\n\n\n\n<p>\u00abEl final fue mucho m\u00e1s complicado de lo que pensaba\u00bb, reconoci\u00f3 el vencedor del d\u00eda. \u00abEstaba muy motivado, hac\u00eda cuatro a\u00f1os que esperaba esto y que quer\u00eda esta segunda victoria\u00bb, a\u00f1adi\u00f3.<\/p>\n\n\n\n<p>El hombre que inici\u00f3 el d\u00eda con la preciada t\u00fanica amarilla, el velocista belga Jasper Philipsen, compa\u00f1ero de equipo de Van der Poel y que&nbsp;<strong>hab\u00eda ganado al esprint la v\u00edspera en Lille<\/strong>, lleg\u00f3 a meta a m\u00e1s de 30 segundos, en un grupo en el que tambi\u00e9n estaba el colombiano Harold Tejada (Astana) y el espa\u00f1ol Carlos Rodr\u00edguez (Ineos).<\/p>\n\n\n\n<p>El tambi\u00e9n colombiano&nbsp;<strong>Santiago Buitrago&nbsp;<\/strong>(Bahrain) logr\u00f3 cruzar la meta en el grupo de cabeza y ocupa el puesto 17 en la general, a 49 segundos del l\u00edder.<\/p>\n\n\n\n<p>En la general, Van der Poel saca cuatro segundos a Pogacar y seis segundos a Vingegaard, los dos corredores que se han repartido las cinco \u00faltimas ediciones del Tour.<\/p>\n\n\n\n<p><strong>La tercera etapa<\/strong>, el lunes, presenta un recorrido llano de 178 kil\u00f3metros hasta Dunkerque, donde se espera un esprint masivo a menos que el viento provoque cortes en el pelot\u00f3n.<\/p>\n\n\n\n<p>Fuente: el economista<\/p>\n","protected":false},"excerpt":{"rendered":"<p>El corredor neerland\u00e9s Mathieu van der Poel (Alpecin-Deceuninck) se impuso este domingo en la segunda etapa del\u00a0Tour de Francia, con final en Boulogne-sur-Mer (noroeste), y se visti\u00f3 con el maillot amarillo de l\u00edder de la general. En un emocionante final en subida, &#8216;MVDP&#8217;, especialista en ese tipo de llegadas, se hizo con su segunda victoria [&hellip;]<\/p>\n","protected":false},"author":2,"featured_media":141574,"comment_status":"open","ping_status":"open","sticky":false,"template":"","format":"standard","meta":{"footnotes":""},"categories":[7],"tags":[],"class_list":["post-141572","post","type-post","status-publish","format-standard","has-post-thumbnail","hentry","category-deportes"],"_links":{"self":[{"href":"http:\/\/elcuartopoder.com.mx\/nw\/wp-json\/wp\/v2\/posts\/141572","targetHints":{"allow":["GET"]}}],"collection":[{"href":"http:\/\/elcuartopoder.com.mx\/nw\/wp-json\/wp\/v2\/posts"}],"about":[{"href":"http:\/\/elcuartopoder.com.mx\/nw\/wp-json\/wp\/v2\/types\/post"}],"author":[{"embeddable":true,"href":"http:\/\/elcuartopoder.com.mx\/nw\/wp-json\/wp\/v2\/users\/2"}],"replies":[{"embeddable":true,"href":"http:\/\/elcuartopoder.com.mx\/nw\/wp-json\/wp\/v2\/comments?post=141572"}],"version-history":[{"count":1,"href":"http:\/\/elcuartopoder.com.mx\/nw\/wp-json\/wp\/v2\/posts\/141572\/revisions"}],"predecessor-version":[{"id":141575,"href":"http:\/\/elcuartopoder.com.mx\/nw\/wp-json\/wp\/v2\/posts\/141572\/revisions\/141575"}],"wp:featuredmedia":[{"embeddable":true,"href":"http:\/\/elcuartopoder.com.mx\/nw\/wp-json\/wp\/v2\/media\/141574"}],"wp:attachment":[{"href":"http:\/\/elcuartopoder.com.mx\/nw\/wp-json\/wp\/v2\/media?parent=141572"}],"wp:term":[{"taxonomy":"category","embeddable":true,"href":"http:\/\/elcuartopoder.com.mx\/nw\/wp-json\/wp\/v2\/categories?post=141572"},{"taxonomy":"post_tag","embeddable":true,"href":"http:\/\/elcuartopoder.com.mx\/nw\/wp-json\/wp\/v2\/tags?post=141572"}],"curies":[{"name":"wp","href":"https:\/\/api.w.org\/{rel}","templated":true}]}}