{"id":141588,"date":"2025-07-07T09:20:08","date_gmt":"2025-07-07T14:20:08","guid":{"rendered":"https:\/\/elcuartopoder.com.mx\/nw\/?p=141588"},"modified":"2025-07-07T09:20:10","modified_gmt":"2025-07-07T14:20:10","slug":"un-historial-de-derrotas","status":"publish","type":"post","link":"http:\/\/elcuartopoder.com.mx\/nw\/policiacas\/un-historial-de-derrotas\/","title":{"rendered":"Un historial de derrotas"},"content":{"rendered":"\n<h1 class=\"wp-block-heading\">Ch\u00e1vez Jr. suma acusaciones: FGR indaga si golpeaba gente para el C\u00e1rtel de Sinaloa<\/h1>\n\n\n\n<figure class=\"wp-block-embed is-type-video is-provider-youtube wp-block-embed-youtube wp-embed-aspect-16-9 wp-has-aspect-ratio\"><div class=\"wp-block-embed__wrapper\">\n<iframe loading=\"lazy\" title=\"Ch\u00e1vez Jr. suma esc\u00e1ndalos, tropiezos y acusaciones: M\u00e9xico y EU lo tienen en la mira\" width=\"696\" height=\"392\" src=\"https:\/\/www.youtube.com\/embed\/R2uMK8O6O5A?feature=oembed\" frameborder=\"0\" allow=\"accelerometer; autoplay; clipboard-write; encrypted-media; gyroscope; picture-in-picture; web-share\" referrerpolicy=\"strict-origin-when-cross-origin\" allowfullscreen><\/iframe>\n<\/div><\/figure>\n\n\n\n<h2 class=\"wp-block-heading\"><strong>Ch\u00e1vez Jr. fue detenido en EU esta semana acusado de crimen organizado, tr\u00e1fico de armas y ligas con personajes importantes del C\u00e1rtel de Sinaloa a trav\u00e9s de su esposa (y su hija adoptiva), sus amistades y sus propias declaraciones, pero las acusaciones en su contra por parte de las autoridades mexicanas ser\u00edan m\u00e1s contundentes.<\/strong><\/h2>\n\n\n\n<p>Ciudad de M\u00e9xico, 4 de julio (SinEmbargo).\u2013 Para&nbsp;<strong>Julio C\u00e9sar Ch\u00e1vez Jr.<\/strong>&nbsp;ha sido una experiencia ajetreada y de altibajos: no solamente su carrera box\u00edstica, sino su vida en general. El hijo de la leyenda mexicana acumula&nbsp;<strong>detenciones en Estados Unidos<\/strong>, problemas con las adicciones,&nbsp;<strong>nexos con personajes<\/strong>&nbsp;cercanos o directamente involucrados en el&nbsp;<strong>narcotr\u00e1fico<\/strong>&nbsp;y, ahora, en sus horas m\u00e1s bajas, la acusaci\u00f3n por parte de las autoridades de ambos pa\u00edses de afiliaci\u00f3n con el&nbsp;<strong>C\u00e1rtel de Sinaloa<\/strong>, delincuencia organizada y tr\u00e1fico de armas.<\/p>\n\n\n\n<p>La acusaci\u00f3n m\u00e1s dura contra Ch\u00e1vez Jr. es la de ser \u00abmiembro del C\u00e1rtel de Sinaloa\u00bb, como\u00a0lo califica\u00a0el Departamento de Seguridad Interior de Estados Unidos (DHS, por sus siglas en ingl\u00e9s). En M\u00e9xico, la Fiscal\u00eda General de la Rep\u00fablica (FGR) lo acusa de delincuencia organizada y tr\u00e1fico de armas, pero hasta ahora no ha dado m\u00e1s detalles sobre estos cargos en su contra. La familia Ch\u00e1vez, por su parte, conf\u00eda en su inocencia.<\/p>\n\n\n\n<p>\u00abPersonalmente no ten\u00eda conocimiento\u00bb, reconoci\u00f3 la Presidenta Claudia Sheinbaum en su conferencia matutina del viernes \u00abEl Fiscal me dijo que s\u00ed tiene la orden de aprehensi\u00f3n en M\u00e9xico. De hecho, inicia la carpeta de investigaci\u00f3n en 2019, se otorga por el Juez en 2023, y nos informaron en el Gabinete que la mayor\u00eda del tiempo [Julio C\u00e9sar] estaba en EU. [\u2026] Se espera que pueda haber una deportaci\u00f3n\u00bb, a\u00f1adi\u00f3.<\/p>\n\n\n\n<blockquote class=\"wp-block-quote is-layout-flow wp-block-quote-is-layout-flow\"><\/blockquote>\n\n\n\n<p>Una de las claves de la detenci\u00f3n en tierras estadounidenses del pugilista es precisamente su relaci\u00f3n con el C\u00e1rtel de Sinaloa. El DHS detall\u00f3 que en abril de 2024\u00a0Ch\u00e1vez Jr. solicit\u00f3 la residencia permanente legal en aquel pa\u00eds. Sin embargo, su solicitud se bas\u00f3 en su matrimonio con \u00abuna ciudadana estadounidense, vinculada al C\u00e1rtel de Sinaloa por una relaci\u00f3n previa con el hijo, ya fallecido, del infame l\u00edder del c\u00e1rtel\u00bb, Joaqu\u00edn \u201cEl Chapo\u201d Guzm\u00e1n Loera, quien cumple una condena de cadena perpetua en una\u00a0prisi\u00f3n de Colorado.<\/p>\n\n\n\n<p>La conexi\u00f3n con el C\u00e1rtel de Sinaloa<\/p>\n\n\n\n<figure class=\"wp-block-embed is-type-video is-provider-youtube wp-block-embed-youtube wp-embed-aspect-16-9 wp-has-aspect-ratio\"><div class=\"wp-block-embed__wrapper\">\n<iframe loading=\"lazy\" title=\"El ICE detiene al hijo de JC Ch\u00e1vez por nexos con C\u00e1rtel de Sinaloa. La FGR confirma\" width=\"696\" height=\"392\" src=\"https:\/\/www.youtube.com\/embed\/DbNGy8HHr14?feature=oembed\" frameborder=\"0\" allow=\"accelerometer; autoplay; clipboard-write; encrypted-media; gyroscope; picture-in-picture; web-share\" referrerpolicy=\"strict-origin-when-cross-origin\" allowfullscreen><\/iframe>\n<\/div><\/figure>\n\n\n\n<p>El Gobierno estadounidense no la menciona por nombre, pero la \u00abciudadana estadounidense vinculada al C\u00e1rtel de Sinaloa\u00bb es Frida Mu\u00f1oz Rom\u00e1n. Ch\u00e1vez Jr. se cas\u00f3 con ella en 2018 y tuvieron dos hijos: Julia y Julio C\u00e9sar.<\/p>\n\n\n\n<p>Pero la clave es la pareja anterior de Frida Mu\u00f1oz: \u00c9dgar Guzm\u00e1n L\u00f3pez, hijo del \u00abChapo\u00bb Guzm\u00e1n; hermano directo de Ovidio y Joaqu\u00edn, presos en EU y en negociaciones para colaborar con las autoridades estadounidenses; y hermano tambi\u00e9n de los actuales l\u00edderes de \u00abLos Chapitos\u00bb, Iv\u00e1n Archivaldo y Jes\u00fas Alfredo Guzm\u00e1n Salazar. \u00c9dgar fue asesinado en 2008 en Culiac\u00e1n, cuando ten\u00eda 22 a\u00f1os y se perfilaba como el posible heredero del imperio criminal de su padre, en medio de la guerra entre el C\u00e1rtel de Sinaloa y el de los Beltr\u00e1n Leyva. Frida y \u00c9dgar tuvieron una hija: Frida Sof\u00eda Guzm\u00e1n Mu\u00f1oz.<\/p>\n\n\n\n<p>Frida Guzm\u00e1n es parte de la familia que formaron Ch\u00e1vez Jr. y su madre, Frida Mu\u00f1oz. Tiene 19 a\u00f1os, busca ser cantante, y en sus redes sociales presume de sus canciones, interpretaciones y, sobre todo, de sus viajes alrededor del mundo, sobre todo a Europa. Tanto la hija como la esposa se mostraron el s\u00e1bado en Anaheim en la pelea del hijo de la leyenda, donde fue humillado por el youtuber y boxeador amateur Jake Paul.<\/p>\n\n\n\n<p>Es aqu\u00ed donde hay otra conexi\u00f3n entre el boxeador y el c\u00e1rtel. \u00ab\u00bfDe Ovidio, \u2018El Rat\u00f3n\u2019?\u00bb, dice Ch\u00e1vez Jr. en una transmisi\u00f3n en vivo que realiz\u00f3 en 2022, cuando le preguntaban por el capo. \u00ab\u00c9l es t\u00edo de mi hija, pues, que ha sido mi hija mucho tiempo. S\u00ed es\u2026 lo conozco bien, es una buena persona, conmigo es una gran persona. Yo no s\u00e9 lo que dicen en otro lado. No me gusta meterme yo, como se portan conmigo (\u2026) y eso puedo decir yo, no puedo decir nada m\u00e1s. Y la verdad, mis respetos, no porque\u2026 por algo malo, mis respetos para \u00e9l\u00bb, dijo.<\/p>\n\n\n\n<figure class=\"wp-block-image size-full\"><img loading=\"lazy\" decoding=\"async\" width=\"768\" height=\"405\" src=\"https:\/\/elcuartopoder.com.mx\/nw\/wp-content\/uploads\/2025\/07\/frida-munoz-guzman-chavez-jr-768x405-1.png\" alt=\"\" class=\"wp-image-141589\" srcset=\"http:\/\/elcuartopoder.com.mx\/nw\/wp-content\/uploads\/2025\/07\/frida-munoz-guzman-chavez-jr-768x405-1.png 768w, http:\/\/elcuartopoder.com.mx\/nw\/wp-content\/uploads\/2025\/07\/frida-munoz-guzman-chavez-jr-768x405-1-300x158.png 300w, http:\/\/elcuartopoder.com.mx\/nw\/wp-content\/uploads\/2025\/07\/frida-munoz-guzman-chavez-jr-768x405-1-696x367.png 696w\" sizes=\"auto, (max-width: 768px) 100vw, 768px\" \/><\/figure>\n\n\n\n<blockquote class=\"wp-block-quote is-layout-flow wp-block-quote-is-layout-flow\"><\/blockquote>\n\n\n\n<p>Sin embargo, las acusaciones ser\u00edan m\u00e1s crudas que estos nexos. De acuerdo con\u00a0<em>Reforma<\/em>, que tuvo acceso a la carpeta de la FGR donde se acusa a Ch\u00e1vez Jr. de delincuencia organizada, el hijo de la leyenda participaba dentro de una c\u00e9lula de tr\u00e1fico de armas de \u00abLos Chapitos\u00bb, pero su rol ser\u00eda \u00abcomo vil esbirro o ajustador de cuentas\u00bb.<\/p>\n\n\n\n<p>La FGR lanz\u00f3 su investigaci\u00f3n en 2019 despu\u00e9s de que en 2018 autoridades de EU detectara esta c\u00e9lula encabezada por N\u00e9stor Isidro P\u00e9rez Salas, \u00abEl Nini\u00bb, dice el diario. \u00ab\u2018El Nini\u2019 y Julio C\u00e9sar Ch\u00e1vez Jr. tienen una relaci\u00f3n cercana\u00bb, detallan las acusaciones contra Ch\u00e1vez Jr. y otros 12 integrantes de esta c\u00e9lula, contra los que se solicitaron las \u00f3rdenes de aprehensi\u00f3n.<\/p>\n\n\n\n<p>Las acusaciones se apoyan en la intervenci\u00f3n de llamadas telef\u00f3nicas entre integrantes de esta c\u00e9lula, que hablaban de c\u00f3mo este l\u00edder criminal colgaba \u00abcomo costales de box\u00bb a elementos de su grupo para castigarlos y el pugilista los golpeaba, destaca\u00a0<em>Reforma<\/em>.<\/p>\n\n\n\n<figure class=\"wp-block-embed is-type-video is-provider-youtube wp-block-embed-youtube wp-embed-aspect-16-9 wp-has-aspect-ratio\"><div class=\"wp-block-embed__wrapper\">\n<iframe loading=\"lazy\" title=\"#An\u00e1lisis \u00ac El C\u00e1rtel de Sinaloa usaba a Julio C\u00e9sar Ch\u00e1vez Jr. para golpear a los indisciplinados\" width=\"696\" height=\"392\" src=\"https:\/\/www.youtube.com\/embed\/YrRq97DWTpg?feature=oembed\" frameborder=\"0\" allow=\"accelerometer; autoplay; clipboard-write; encrypted-media; gyroscope; picture-in-picture; web-share\" referrerpolicy=\"strict-origin-when-cross-origin\" allowfullscreen><\/iframe>\n<\/div><\/figure>\n\n\n\n<h2 class=\"wp-block-heading\">Los antecedentes de Ch\u00e1vez Jr. en EU<\/h2>\n\n\n\n<p>De acuerdo con el DHS, el 22 de enero de 2012, la Patrulla de Carreteras de California arrest\u00f3 a Ch\u00e1vez Jr. y lo acus\u00f3 de conducir bajo los efectos del alcohol y las drogas, y de conducir sin licencia. El 23 de junio del mismo a\u00f1o, el Tribunal Superior de California, en Los \u00c1ngeles, conden\u00f3 al boxeador mexicano por conducir bajo los efectos del alcohol y lo sentenci\u00f3 a 13 d\u00edas de c\u00e1rcel y 36 meses de libertad condicional.<\/p>\n\n\n\n<figure class=\"wp-block-embed is-type-video is-provider-youtube wp-block-embed-youtube wp-embed-aspect-16-9 wp-has-aspect-ratio\"><div class=\"wp-block-embed__wrapper\">\n<iframe loading=\"lazy\" title=\"#An\u00e1lisis \u00ac Julio C\u00e9sar Ch\u00e1vez Jr., el \u201cnarco\u201d que EU no quiso; FGR pide su captura desde 2023\" width=\"696\" height=\"392\" src=\"https:\/\/www.youtube.com\/embed\/5bgmX8U7nqw?feature=oembed\" frameborder=\"0\" allow=\"accelerometer; autoplay; clipboard-write; encrypted-media; gyroscope; picture-in-picture; web-share\" referrerpolicy=\"strict-origin-when-cross-origin\" allowfullscreen><\/iframe>\n<\/div><\/figure>\n\n\n\n<p>El 14 de enero de 2023, un Juez de Distrito estadounidense libr\u00f3 orden de aprehensi\u00f3n en contra de Ch\u00e1vez Jr. \u00abpor el delito de delincuencia organizada con el prop\u00f3sito de cometer delitos de tr\u00e1fico de armas y fabricaci\u00f3n de delitos, en la modalidad de quienes participen en el ingreso clandestino al pa\u00eds de armas, municiones, cartuchos, explosivos; y quienes fabriquen armas, municiones, cartuchos y explosivos sin el permiso correspondiente\u00bb.<\/p>\n\n\n\n<p>Un a\u00f1o despu\u00e9s, el 7 de enero de 2024, el Departamento de Polic\u00eda de Los \u00c1ngeles arrest\u00f3 a Ch\u00e1vez Jr. y lo acus\u00f3 de posesi\u00f3n ilegal de cualquier arma de asalto y fabricaci\u00f3n o importaci\u00f3n de un rifle de ca\u00f1\u00f3n corto. Un Tribunal lo conden\u00f3 por estos cargos.<\/p>\n\n\n\n<p>Pero adem\u00e1s las autoridades estadounidenses aseguran que el hijo de la leyenda ingres\u00f3 a EU \u00abilegalmente\u00bb en agosto de 2023 con una visa de turista B2 que estaba vigente hasta febrero de 2024. El 17 de diciembre de 2024, el Servicio de Ciudadan\u00eda e Inmigraci\u00f3n de Estados Unidos (USCIS)&nbsp;remiti\u00f3 al ICE una denuncia por considerar que Ch\u00e1vez representaba una grave amenaza para la seguridad p\u00fablica.<\/p>\n\n\n\n<blockquote class=\"wp-block-quote is-layout-flow wp-block-quote-is-layout-flow\"><\/blockquote>\n\n\n\n<p>Sin embargo, afirma la administraci\u00f3n trumpista, \u00abuna entrada en el sistema de aplicaci\u00f3n de la ley del DHS, bajo la administraci\u00f3n Biden, indic\u00f3 que el boxeador no era una prioridad para la aplicaci\u00f3n de la ley migratoria\u00bb. El 4 de enero de 2025, la administraci\u00f3n Biden \u00abpermiti\u00f3 a Ch\u00e1vez Jr. reingresar al pa\u00eds y le otorg\u00f3 libertad condicional en el puerto de entrada de San Ysidro\u00bb.<\/p>\n\n\n\n<p>Pero el DHS, ya bajo el control del Presidente Donald Trump, que ha endurecido la captura de migrantes sin papeles y adem\u00e1s ha&nbsp;<a href=\"https:\/\/www.sinembargo.mx\/4618823\/eu-enuncia-6-carteles-mexicanos-como-grupos-terroristas-cjng-sinaloa-la-familia\/\">clasificado a 6 c\u00e1rteles mexicanos<\/a>&nbsp;como \u00aborganizaciones terroristas extranjeras\u00bb, incluido el C\u00e1rtel de Sinaloa, determin\u00f3 que era un \u00abilegal\u00bb y que pod\u00eda ser deportado el 27 de junio de 2025 \u00abluego de m\u00faltiples declaraciones fraudulentas en su solicitud para convertirse en residente permanente legal\u00bb.<\/p>\n\n\n\n<figure class=\"wp-block-embed is-type-video is-provider-youtube wp-block-embed-youtube wp-embed-aspect-16-9 wp-has-aspect-ratio\"><div class=\"wp-block-embed__wrapper\">\n<iframe loading=\"lazy\" title=\"#An\u00e1lisis \u00ac EU nombra a Julio C\u00e9sar Jr como \u201cafiliado del C\u00e1rtel de Sinaloa\u201d\" width=\"696\" height=\"392\" src=\"https:\/\/www.youtube.com\/embed\/fYyxnyrC_EI?feature=oembed\" frameborder=\"0\" allow=\"accelerometer; autoplay; clipboard-write; encrypted-media; gyroscope; picture-in-picture; web-share\" referrerpolicy=\"strict-origin-when-cross-origin\" allowfullscreen><\/iframe>\n<\/div><\/figure>\n\n\n\n<p>El Servicio de Control de Inmigraci\u00f3n y Aduanas (ICE) lo arrest\u00f3 en Studio City, California, el 2 de julio. Su defensa, encabezada por el abogado Michael Goldstein, asegur\u00f3 a&nbsp;<em>The New York Times<\/em>&nbsp;que las acusaciones contra su cliente \u00abson escandalosas\u00bb. \u00abParecen concebidas como un titular para aterrorizar a la comunidad\u201d latina en California, donde en los \u00faltimos meses el ICE ha intensificado sus redadas masivas contra migrantes, incluso aquellos que tienen papeles de residencia<\/p>\n\n\n\n<h2 class=\"wp-block-heading\">Las pol\u00e9micas en M\u00e9xico<\/h2>\n\n\n\n<p>Ch\u00e1vez Jr. ha enfrentado problemas desde muy joven: en 2009, con 23 a\u00f1os cumplidos, dio positivo por furosemida \u2013un diur\u00e9tico utilizado para reducir la retenci\u00f3n de l\u00edquidos\u2013 tras su victoria en el ring ante el estadounidense Troy Rowland. Tres a\u00f1os despu\u00e9s, en 2012, dio positivo tras su derrota ante el argentino Sergio \u00abMaravilla\u00bb Mart\u00ednez, una pelea considerada como el parteaguas de su carrera, que a partir de entonces se volvi\u00f3 cada vez m\u00e1s err\u00e1tica.<\/p>\n\n\n\n<p>El pugilista ha confesado en los \u00faltimos a\u00f1os los problemas de adicciones que ha sufrido desde entonces. \u00abEst\u00e1 dif\u00edcil, pero s\u00ed se puede, \u00bfqui\u00e9n pensar\u00eda que mi vida tendr\u00eda alg\u00fan problema? Yo estoy mejor que peor\u00bb, dijo en una transmisi\u00f3n en vivo en mayo de 2023. En una entrevista con&nbsp;<em>Telemundo<\/em>&nbsp;en 2024, cont\u00f3 que \u00abtomaba pastillas, como Xanax, para concentrarte, para bajar de peso\u2026\u00bb. \u00abEs la pelea m\u00e1s importante de mi vida, algunos me dicen que me veo mejor, yo ni estaba integrado a la sociedad\u00bb, complet\u00f3.<\/p>\n\n\n\n<blockquote class=\"wp-block-quote is-layout-flow wp-block-quote-is-layout-flow\"><\/blockquote>\n\n\n\n<p>Y es que videos donde se le puede ver intoxicado, o con varias mujeres en hoteles, se han hecho virales en la \u00faltima d\u00e9cada. Incluso su padre, el \u00eddolo del boxeo mexicano Julio C\u00e9sar Ch\u00e1vez, dijo en junio de 2024 sobre este proceso: \u00abLa verdad yo pens\u00e9 que Julio se me iba a morir en cualquier rato, era una preocupaci\u00f3n constante, todos los d\u00edas de que si amanec\u00eda o no amanec\u00eda. Dec\u00eda: &#8216;Dios m\u00edo, si he podido ayudar a tanta gente, \u00bfpor qu\u00e9 no puedo ayudar a mi hijo?'\u00bb.<\/p>\n\n\n\n<p>Luego de la pelea de Ch\u00e1vez Jr. donde perdi\u00f3 de forma un\u00e1nime en las tarjetas, Eddy Reynoso, entrenador de Sa\u00fal \u00abEl Canelo\u00bb \u00c1lvarez, sali\u00f3 en su defensa ante las cr\u00edticas por el bajo nivel mostrado por el hijo de la leyenda ante un rival que no era profesional. \u00abDejen de criticar al Jr., no todo es boxeo, no todo es ganar o perder una pelea, \u00e9l ya est\u00e1 ganando la m\u00e1s importante que es seguir creciendo como ser humano y estar saludable, felicidades Julio, eres un ejemplo de superaci\u00f3n!\u00bb, escribi\u00f3 en sus redes sociales.<\/p>\n\n\n\n<p>Fuente: sinembargo<\/p>\n","protected":false},"excerpt":{"rendered":"<p>Ch\u00e1vez Jr. suma acusaciones: FGR indaga si golpeaba gente para el C\u00e1rtel de Sinaloa Ch\u00e1vez Jr. fue detenido en EU esta semana acusado de crimen organizado, tr\u00e1fico de armas y ligas con personajes importantes del C\u00e1rtel de Sinaloa a trav\u00e9s de su esposa (y su hija adoptiva), sus amistades y sus propias declaraciones, pero las [&hellip;]<\/p>\n","protected":false},"author":2,"featured_media":141590,"comment_status":"open","ping_status":"open","sticky":false,"template":"","format":"standard","meta":{"footnotes":""},"categories":[23],"tags":[],"class_list":["post-141588","post","type-post","status-publish","format-standard","has-post-thumbnail","hentry","category-policiacas"],"_links":{"self":[{"href":"http:\/\/elcuartopoder.com.mx\/nw\/wp-json\/wp\/v2\/posts\/141588","targetHints":{"allow":["GET"]}}],"collection":[{"href":"http:\/\/elcuartopoder.com.mx\/nw\/wp-json\/wp\/v2\/posts"}],"about":[{"href":"http:\/\/elcuartopoder.com.mx\/nw\/wp-json\/wp\/v2\/types\/post"}],"author":[{"embeddable":true,"href":"http:\/\/elcuartopoder.com.mx\/nw\/wp-json\/wp\/v2\/users\/2"}],"replies":[{"embeddable":true,"href":"http:\/\/elcuartopoder.com.mx\/nw\/wp-json\/wp\/v2\/comments?post=141588"}],"version-history":[{"count":1,"href":"http:\/\/elcuartopoder.com.mx\/nw\/wp-json\/wp\/v2\/posts\/141588\/revisions"}],"predecessor-version":[{"id":141591,"href":"http:\/\/elcuartopoder.com.mx\/nw\/wp-json\/wp\/v2\/posts\/141588\/revisions\/141591"}],"wp:featuredmedia":[{"embeddable":true,"href":"http:\/\/elcuartopoder.com.mx\/nw\/wp-json\/wp\/v2\/media\/141590"}],"wp:attachment":[{"href":"http:\/\/elcuartopoder.com.mx\/nw\/wp-json\/wp\/v2\/media?parent=141588"}],"wp:term":[{"taxonomy":"category","embeddable":true,"href":"http:\/\/elcuartopoder.com.mx\/nw\/wp-json\/wp\/v2\/categories?post=141588"},{"taxonomy":"post_tag","embeddable":true,"href":"http:\/\/elcuartopoder.com.mx\/nw\/wp-json\/wp\/v2\/tags?post=141588"}],"curies":[{"name":"wp","href":"https:\/\/api.w.org\/{rel}","templated":true}]}}