{"id":141628,"date":"2025-07-07T10:58:41","date_gmt":"2025-07-07T15:58:41","guid":{"rendered":"https:\/\/elcuartopoder.com.mx\/nw\/?p=141628"},"modified":"2025-07-07T10:58:42","modified_gmt":"2025-07-07T15:58:42","slug":"van-3-mdp-para-refugios-de-mujeres-e-hijos-victimas-de-violencia","status":"publish","type":"post","link":"http:\/\/elcuartopoder.com.mx\/nw\/estatales\/van-3-mdp-para-refugios-de-mujeres-e-hijos-victimas-de-violencia\/","title":{"rendered":"Van 3 mdp para refugios de mujeres e hijos, v\u00edctimas de violencia"},"content":{"rendered":"\n<p>La situaci\u00f3n es alarmante ya que las llamadas de auxilio por casos de violencia familiar y de g\u00e9nero aumentaron un 13% de 2023 a 2024.<\/p>\n\n\n\n<p>La Federaci\u00f3n destin\u00f3&nbsp;<strong>tres millones de pesos a Quintana Roo&nbsp;<\/strong>para la operaci\u00f3n del&nbsp;<strong><em>Programa de Apoyo para Refugios Especializados para Mujeres V\u00edctimas de Violencia de G\u00e9nero<\/em><\/strong>, sus Hijas e Hijos, ejercicio fiscal 2025.<\/p>\n\n\n\n<p>Por medio de este programa federal, que se ejecuta a trav\u00e9s de la Secretar\u00eda de las Mujeres del Estado de Quintana Roo (<strong>Semujeres<\/strong>), se atiende a las mujeres en situaci\u00f3n de violencia, que requieran&nbsp;<strong>atenci\u00f3n especializada y de un espacio seguro donde proteger su integridad<\/strong>,&nbsp;<strong>su vida y la de sus hijos<\/strong>, pueden acceder a los servicios gratuitos, especializados y confidenciales que se brindan en los Refugios Especializados, previa valoraci\u00f3n y\/o referenciaci\u00f3n de sus Centros Externos de Atenci\u00f3n (CEA).<\/p>\n\n\n\n<p>A las mujeres e hijos&nbsp;<strong>se les otorgan los servicios b\u00e1sicos de alimentaci\u00f3n<\/strong>,&nbsp;<strong>vestido y calzado<\/strong>, adem\u00e1s de disponer de cocina y comedor,&nbsp;<strong>servicio m\u00e9dico<\/strong>,&nbsp;<strong>apoyo psicol\u00f3gico<\/strong>, terapias o&nbsp;<strong>pl\u00e1ticas grupales<\/strong>, talleres de&nbsp;<strong>manualidades u oficios<\/strong>,&nbsp;<strong>apoyo jur\u00eddico<\/strong>&nbsp;y en&nbsp;<strong>derechos humanos.<\/strong><\/p>\n\n\n\n<p>La&nbsp;<strong>atenci\u00f3n prioritaria<\/strong>&nbsp;se considera en&nbsp;<strong>zonas de poblaci\u00f3n&nbsp;<\/strong>mayoritariamente&nbsp;<strong>ind\u00edgena y afrodescendiente<\/strong>, zonas con alto o muy alto grado de marginaci\u00f3n o zonas con&nbsp;<strong>altos \u00edndices de violencia,<\/strong>&nbsp;as\u00ed como aquellas regiones de atenci\u00f3n que determine la instancia ejecutora.<\/p>\n\n\n\n<p>En Quintana Roo, de acuerdo con las estad\u00edsticas del Banco Estatal de Datos e Informaci\u00f3n sobre casos de Violencia contra las Mujeres, las&nbsp;<strong>llamadas de auxilio&nbsp;<\/strong>al Servicio de Emergencias 911&nbsp;<strong>por casos de violencia familiar&nbsp;<\/strong>y de g\u00e9nero<strong>&nbsp;aumentaron un 13%<\/strong>&nbsp;de 2023 a 2024.<\/p>\n\n\n\n<p>En 2023 el Servicio de Emergencias 911 registr\u00f3 50 mil 388 llamadas de auxilio por casos de violencia familiar y de g\u00e9nero, mientras que en 2024 contabiliz\u00f3 56 mil 963 marcaciones, lo que represent\u00f3&nbsp;<strong>seis mil 575 llamadas m\u00e1s para pedir auxilio<\/strong>&nbsp;por esta clase de hechos en el Caribe mexicano.<\/p>\n\n\n\n<p>En el primer trimestre de 2025,&nbsp;<strong>Oth\u00f3n P. Blanco, Felipe Carrillo Puerto y Playa del Carmen&nbsp;<\/strong>encabezaron la lista de los&nbsp;<strong>municipios con la tasa m\u00e1s alta de v\u00edctimas de violencia contra las mujeres<\/strong>&nbsp;por cada 10 mil mujeres, en Quintana Roo.<\/p>\n\n\n\n<p>En los primeros tres meses de este a\u00f1o, el municipio de Oth\u00f3n P. Blanco registr\u00f3 una tasa de 96 v\u00edctimas de violencia contra las mujeres por cada 10 mil habitantes mujeres en esta demarcaci\u00f3n municipal, al igual que en el municipio de Felipe Carrillo Puerto, mientras que en Playa del Carmen, se registr\u00f3 una tasa de 86 v\u00edctimas de violencia contra las mujeres por cada 10 mil habitantes mujeres en este municipio.<\/p>\n\n\n\n<p>Fuente: SIPSE<\/p>\n","protected":false},"excerpt":{"rendered":"<p>La situaci\u00f3n es alarmante ya que las llamadas de auxilio por casos de violencia familiar y de g\u00e9nero aumentaron un 13% de 2023 a 2024. La Federaci\u00f3n destin\u00f3&nbsp;tres millones de pesos a Quintana Roo&nbsp;para la operaci\u00f3n del&nbsp;Programa de Apoyo para Refugios Especializados para Mujeres V\u00edctimas de Violencia de G\u00e9nero, sus Hijas e Hijos, ejercicio fiscal [&hellip;]<\/p>\n","protected":false},"author":2,"featured_media":141629,"comment_status":"open","ping_status":"open","sticky":false,"template":"","format":"standard","meta":{"footnotes":""},"categories":[60],"tags":[],"class_list":["post-141628","post","type-post","status-publish","format-standard","has-post-thumbnail","hentry","category-estatales"],"_links":{"self":[{"href":"http:\/\/elcuartopoder.com.mx\/nw\/wp-json\/wp\/v2\/posts\/141628","targetHints":{"allow":["GET"]}}],"collection":[{"href":"http:\/\/elcuartopoder.com.mx\/nw\/wp-json\/wp\/v2\/posts"}],"about":[{"href":"http:\/\/elcuartopoder.com.mx\/nw\/wp-json\/wp\/v2\/types\/post"}],"author":[{"embeddable":true,"href":"http:\/\/elcuartopoder.com.mx\/nw\/wp-json\/wp\/v2\/users\/2"}],"replies":[{"embeddable":true,"href":"http:\/\/elcuartopoder.com.mx\/nw\/wp-json\/wp\/v2\/comments?post=141628"}],"version-history":[{"count":1,"href":"http:\/\/elcuartopoder.com.mx\/nw\/wp-json\/wp\/v2\/posts\/141628\/revisions"}],"predecessor-version":[{"id":141630,"href":"http:\/\/elcuartopoder.com.mx\/nw\/wp-json\/wp\/v2\/posts\/141628\/revisions\/141630"}],"wp:featuredmedia":[{"embeddable":true,"href":"http:\/\/elcuartopoder.com.mx\/nw\/wp-json\/wp\/v2\/media\/141629"}],"wp:attachment":[{"href":"http:\/\/elcuartopoder.com.mx\/nw\/wp-json\/wp\/v2\/media?parent=141628"}],"wp:term":[{"taxonomy":"category","embeddable":true,"href":"http:\/\/elcuartopoder.com.mx\/nw\/wp-json\/wp\/v2\/categories?post=141628"},{"taxonomy":"post_tag","embeddable":true,"href":"http:\/\/elcuartopoder.com.mx\/nw\/wp-json\/wp\/v2\/tags?post=141628"}],"curies":[{"name":"wp","href":"https:\/\/api.w.org\/{rel}","templated":true}]}}